{"id":11725,"date":"2026-09-02T14:41:51","date_gmt":"2026-09-02T19:41:51","guid":{"rendered":"https:\/\/www.ana.gob.pa\/?p=11725"},"modified":"2026-09-02T14:41:52","modified_gmt":"2026-09-02T19:41:52","slug":"aduana-presente-en-el-12-congreso-mundial-basc","status":"publish","type":"post","link":"https:\/\/www.ana.gob.pa\/index.php\/2026\/09\/02\/aduana-presente-en-el-12-congreso-mundial-basc\/","title":{"rendered":"Aduana presente en el 12\u00b0 Congreso Mundial BASC"},"content":{"rendered":"\n<p class=\"wp-block-paragraph\">Con la participaci\u00f3n de l\u00edderes del sector p\u00fablico y privado, expertos internacionales e importantes representantes de las Am\u00e9ricas, incluyendo la participaci\u00f3n de figuras relevantes como la Directora General de Aduanas, Soraya Valdivieso y la Gerente General de la Zona Libre de Col\u00f3n, Luisa Napolitano, se celebr\u00f3 en Miami, Florida, el 12\u00b0 Congreso Mundial BASC \u201cAsegurando el Comercio, Fortaleciendo la Confianza\u201d.<\/p>\n\n\n<div class=\"wp-block-image\">\n<figure class=\"aligncenter size-full is-resized\"><img loading=\"lazy\" decoding=\"async\" width=\"1600\" height=\"900\" src=\"https:\/\/www.ana.gob.pa\/wp-content\/uploads\/2026\/09\/WhatsApp-Image-2026-09-02-at-10.59.28-AM.jpeg\" alt=\"\" class=\"wp-image-11726\" style=\"width:748px;height:auto\" \/><\/figure>\n<\/div>\n\n\n<p class=\"wp-block-paragraph\">La directora general, Soraya Valdivieso, particip\u00f3 como panelista en el Panel 10: \u201cInteligencia Artificial e Innovaci\u00f3n en la Cadena de Suministro\u201d, espacio moderado por la directora ejecutiva de BASC Panam\u00e1, Giomar Gonz\u00e1lez. En el marco de esta actividad, sostuvo un acercamiento con representantes de BigBear.ai, prestigiosa empresa estadounidense l\u00edder en inteligencia artificial y anal\u00edtica aplicada a la seguridad del comercio global, porque cuando el sector p\u00fablico y privado trabajan juntos, el resultado es un comercio m\u00e1s seguro, moderno y confiable para Panam\u00e1 y el mundo, ya que la seguridad del comercio no se construye en solitario: se construye en alianza.<\/p>\n\n\n\n<p class=\"wp-block-paragraph\">Este evento, organizado por la Alianza Empresarial para un Comercio Seguro (BASC), tiene entre sus objetivos abordar los grandes desaf\u00edos de la seguridad y la facilitaci\u00f3n del comercio, fomentando el trabajo conjunto entre las empresas y las autoridades de control aduanero o gubernamental, con el prop\u00f3sito de implementar sistemas de gesti\u00f3n en control y seguridad para evitar riesgos como el contrabando, el narcotr\u00e1fico, el terrorismo y la corrupci\u00f3n.<\/p>\n\n\n\n<p class=\"wp-block-paragraph\"><\/p>\n","protected":false},"excerpt":{"rendered":"<p>Con la participaci\u00f3n de l\u00edderes del sector p\u00fablico y privado, expertos internacionales e importantes representantes de las Am\u00e9ricas, incluyendo la participaci\u00f3n de figuras relevantes como la Directora General de Aduanas, Soraya Valdivieso y la Gerente General de la Zona Libre de Col\u00f3n, Luisa Napolitano, se celebr\u00f3 en Miami, Florida, el 12\u00b0 Congreso Mundial BASC \u201cAsegurando [&hellip;]<\/p>\n","protected":false},"author":18,"featured_media":11727,"comment_status":"closed","ping_status":"closed","sticky":false,"template":"","format":"standard","meta":{"footnotes":"","_members_access_role":[],"_members_access_error":""},"categories":[5],"tags":[],"class_list":["post-11725","post","type-post","status-publish","format-standard","has-post-thumbnail","hentry","category-ultimas-noticias"],"yoast_head":"<!-- This site is optimized with the Yoast SEO plugin v28.4 - https:\/\/yoast.com\/product\/yoast-seo-wordpress\/ -->\n<title>Aduana presente en el 12\u00b0 Congreso Mundial BASC - Autoridad Nacional de Aduanas<\/title>\n<meta name=\"robots\" content=\"index, follow, max-snippet:-1, max-image-preview:large, max-video-preview:-1\" \/>\n<link rel=\"canonical\" href=\"https:\/\/www.ana.gob.pa\/index.php\/2026\/09\/02\/aduana-presente-en-el-12-congreso-mundial-basc\/\" \/>\n<meta property=\"og:locale\" content=\"es_ES\" \/>\n<meta property=\"og:type\" content=\"article\" \/>\n<meta property=\"og:title\" content=\"Aduana presente en el 12\u00b0 Congreso Mundial BASC - Autoridad Nacional de Aduanas\" \/>\n<meta property=\"og:description\" content=\"Con la participaci\u00f3n de l\u00edderes del sector p\u00fablico y privado, expertos internacionales e importantes representantes de las Am\u00e9ricas, incluyendo la participaci\u00f3n de figuras relevantes como la Directora General de Aduanas, Soraya Valdivieso y la Gerente General de la Zona Libre de Col\u00f3n, Luisa Napolitano, se celebr\u00f3 en Miami, Florida, el 12\u00b0 Congreso Mundial BASC \u201cAsegurando [&hellip;]\" \/>\n<meta property=\"og:url\" content=\"https:\/\/www.ana.gob.pa\/index.php\/2026\/09\/02\/aduana-presente-en-el-12-congreso-mundial-basc\/\" \/>\n<meta property=\"og:site_name\" content=\"Autoridad Nacional de Aduanas\" \/>\n<meta property=\"article:publisher\" content=\"https:\/\/www.facebook.com\/aduanas.panama\/\" \/>\n<meta property=\"article:published_time\" content=\"2026-09-02T19:41:51+00:00\" \/>\n<meta property=\"article:modified_time\" content=\"2026-09-02T19:41:52+00:00\" \/>\n<meta property=\"og:image\" content=\"https:\/\/www.ana.gob.pa\/wp-content\/uploads\/2026\/09\/WhatsApp-Image-2026-09-02-at-10.59.29-AM.jpeg\" \/>\n\t<meta property=\"og:image:width\" content=\"900\" \/>\n\t<meta property=\"og:image:height\" content=\"741\" \/>\n\t<meta property=\"og:image:type\" content=\"image\/jpeg\" \/>\n<meta name=\"author\" content=\"Ovidio Gomez\" \/>\n<meta name=\"twitter:card\" content=\"summary_large_image\" \/>\n<meta name=\"twitter:creator\" content=\"@aduanaspanama\" \/>\n<meta name=\"twitter:site\" content=\"@aduanaspanama\" \/>\n<meta name=\"twitter:label1\" content=\"Escrito por\" \/>\n\t<meta name=\"twitter:data1\" content=\"Ovidio Gomez\" \/>\n\t<meta name=\"twitter:label2\" content=\"Tiempo de lectura\" \/>\n\t<meta name=\"twitter:data2\" content=\"2 minutos\" \/>\n<script type=\"application\/ld+json\" class=\"yoast-schema-graph\">{\"@context\":\"https:\\\/\\\/schema.org\",\"@graph\":[{\"@type\":\"Article\",\"@id\":\"https:\\\/\\\/www.ana.gob.pa\\\/index.php\\\/2026\\\/09\\\/02\\\/aduana-presente-en-el-12-congreso-mundial-basc\\\/#article\",\"isPartOf\":{\"@id\":\"https:\\\/\\\/www.ana.gob.pa\\\/index.php\\\/2026\\\/09\\\/02\\\/aduana-presente-en-el-12-congreso-mundial-basc\\\/\"},\"author\":{\"name\":\"Ovidio Gomez\",\"@id\":\"https:\\\/\\\/www.ana.gob.pa\\\/#\\\/schema\\\/person\\\/739397fec31e88f1da6069ed31320a02\"},\"headline\":\"Aduana presente en el 12\u00b0 Congreso Mundial BASC\",\"datePublished\":\"2026-09-02T19:41:51+00:00\",\"dateModified\":\"2026-09-02T19:41:52+00:00\",\"mainEntityOfPage\":{\"@id\":\"https:\\\/\\\/www.ana.gob.pa\\\/index.php\\\/2026\\\/09\\\/02\\\/aduana-presente-en-el-12-congreso-mundial-basc\\\/\"},\"wordCount\":252,\"publisher\":{\"@id\":\"https:\\\/\\\/www.ana.gob.pa\\\/#organization\"},\"image\":{\"@id\":\"https:\\\/\\\/www.ana.gob.pa\\\/index.php\\\/2026\\\/09\\\/02\\\/aduana-presente-en-el-12-congreso-mundial-basc\\\/#primaryimage\"},\"thumbnailUrl\":\"https:\\\/\\\/www.ana.gob.pa\\\/wp-content\\\/uploads\\\/2026\\\/09\\\/WhatsApp-Image-2026-09-02-at-10.59.29-AM.jpeg\",\"articleSection\":[\"Ultimas Noticias\"],\"inLanguage\":\"es\"},{\"@type\":\"WebPage\",\"@id\":\"https:\\\/\\\/www.ana.gob.pa\\\/index.php\\\/2026\\\/09\\\/02\\\/aduana-presente-en-el-12-congreso-mundial-basc\\\/\",\"url\":\"https:\\\/\\\/www.ana.gob.pa\\\/index.php\\\/2026\\\/09\\\/02\\\/aduana-presente-en-el-12-congreso-mundial-basc\\\/\",\"name\":\"Aduana presente en el 12\u00b0 Congreso Mundial BASC - Autoridad Nacional de Aduanas\",\"isPartOf\":{\"@id\":\"https:\\\/\\\/www.ana.gob.pa\\\/#website\"},\"primaryImageOfPage\":{\"@id\":\"https:\\\/\\\/www.ana.gob.pa\\\/index.php\\\/2026\\\/09\\\/02\\\/aduana-presente-en-el-12-congreso-mundial-basc\\\/#primaryimage\"},\"image\":{\"@id\":\"https:\\\/\\\/www.ana.gob.pa\\\/index.php\\\/2026\\\/09\\\/02\\\/aduana-presente-en-el-12-congreso-mundial-basc\\\/#primaryimage\"},\"thumbnailUrl\":\"https:\\\/\\\/www.ana.gob.pa\\\/wp-content\\\/uploads\\\/2026\\\/09\\\/WhatsApp-Image-2026-09-02-at-10.59.29-AM.jpeg\",\"datePublished\":\"2026-09-02T19:41:51+00:00\",\"dateModified\":\"2026-09-02T19:41:52+00:00\",\"breadcrumb\":{\"@id\":\"https:\\\/\\\/www.ana.gob.pa\\\/index.php\\\/2026\\\/09\\\/02\\\/aduana-presente-en-el-12-congreso-mundial-basc\\\/#breadcrumb\"},\"inLanguage\":\"es\",\"potentialAction\":[{\"@type\":\"ReadAction\",\"target\":[\"https:\\\/\\\/www.ana.gob.pa\\\/index.php\\\/2026\\\/09\\\/02\\\/aduana-presente-en-el-12-congreso-mundial-basc\\\/\"]}]},{\"@type\":\"ImageObject\",\"inLanguage\":\"es\",\"@id\":\"https:\\\/\\\/www.ana.gob.pa\\\/index.php\\\/2026\\\/09\\\/02\\\/aduana-presente-en-el-12-congreso-mundial-basc\\\/#primaryimage\",\"url\":\"https:\\\/\\\/www.ana.gob.pa\\\/wp-content\\\/uploads\\\/2026\\\/09\\\/WhatsApp-Image-2026-09-02-at-10.59.29-AM.jpeg\",\"contentUrl\":\"https:\\\/\\\/www.ana.gob.pa\\\/wp-content\\\/uploads\\\/2026\\\/09\\\/WhatsApp-Image-2026-09-02-at-10.59.29-AM.jpeg\",\"width\":900,\"height\":741},{\"@type\":\"BreadcrumbList\",\"@id\":\"https:\\\/\\\/www.ana.gob.pa\\\/index.php\\\/2026\\\/09\\\/02\\\/aduana-presente-en-el-12-congreso-mundial-basc\\\/#breadcrumb\",\"itemListElement\":[{\"@type\":\"ListItem\",\"position\":1,\"name\":\"Portada\",\"item\":\"https:\\\/\\\/www.ana.gob.pa\\\/\"},{\"@type\":\"ListItem\",\"position\":2,\"name\":\"Aduana presente en el 12\u00b0 Congreso Mundial BASC\"}]},{\"@type\":\"WebSite\",\"@id\":\"https:\\\/\\\/www.ana.gob.pa\\\/#website\",\"url\":\"https:\\\/\\\/www.ana.gob.pa\\\/\",\"name\":\"Autoridad Nacional de Aduanas\",\"description\":\"Autoridad Nacional de Aduanas\",\"publisher\":{\"@id\":\"https:\\\/\\\/www.ana.gob.pa\\\/#organization\"},\"alternateName\":\"Autoridad Nacional de Aduanas\",\"potentialAction\":[{\"@type\":\"SearchAction\",\"target\":{\"@type\":\"EntryPoint\",\"urlTemplate\":\"https:\\\/\\\/www.ana.gob.pa\\\/?s={search_term_string}\"},\"query-input\":{\"@type\":\"PropertyValueSpecification\",\"valueRequired\":true,\"valueName\":\"search_term_string\"}}],\"inLanguage\":\"es\"},{\"@type\":\"Organization\",\"@id\":\"https:\\\/\\\/www.ana.gob.pa\\\/#organization\",\"name\":\"Autoridad Nacional de Aduanas\",\"alternateName\":\"Autoridad Nacional de Aduanas\",\"url\":\"https:\\\/\\\/www.ana.gob.pa\\\/\",\"logo\":{\"@type\":\"ImageObject\",\"inLanguage\":\"es\",\"@id\":\"https:\\\/\\\/www.ana.gob.pa\\\/#\\\/schema\\\/logo\\\/image\\\/\",\"url\":\"https:\\\/\\\/www.ana.gob.pa\\\/wp-content\\\/uploads\\\/2025\\\/07\\\/logo-de-aduanas-y-gobierno.png\",\"contentUrl\":\"https:\\\/\\\/www.ana.gob.pa\\\/wp-content\\\/uploads\\\/2025\\\/07\\\/logo-de-aduanas-y-gobierno.png\",\"width\":2860,\"height\":423,\"caption\":\"Autoridad Nacional de Aduanas\"},\"image\":{\"@id\":\"https:\\\/\\\/www.ana.gob.pa\\\/#\\\/schema\\\/logo\\\/image\\\/\"},\"sameAs\":[\"https:\\\/\\\/www.facebook.com\\\/aduanas.panama\\\/\",\"https:\\\/\\\/x.com\\\/aduanaspanama\",\"https:\\\/\\\/www.instagram.com\\\/aduanaspanama\"]},{\"@type\":\"Person\",\"@id\":\"https:\\\/\\\/www.ana.gob.pa\\\/#\\\/schema\\\/person\\\/739397fec31e88f1da6069ed31320a02\",\"name\":\"Ovidio Gomez\",\"image\":{\"@type\":\"ImageObject\",\"inLanguage\":\"es\",\"@id\":\"https:\\\/\\\/secure.gravatar.com\\\/avatar\\\/578eb611cee60183c01f786d1e4870e818e443ef8ae75628f2c61ac09413d3e8?s=96&d=mm&r=g\",\"url\":\"https:\\\/\\\/secure.gravatar.com\\\/avatar\\\/578eb611cee60183c01f786d1e4870e818e443ef8ae75628f2c61ac09413d3e8?s=96&d=mm&r=g\",\"contentUrl\":\"https:\\\/\\\/secure.gravatar.com\\\/avatar\\\/578eb611cee60183c01f786d1e4870e818e443ef8ae75628f2c61ac09413d3e8?s=96&d=mm&r=g\",\"caption\":\"Ovidio Gomez\"},\"sameAs\":[\"https:\\\/\\\/www.ana.gob.pa\\\/w_ana\\\/\"],\"url\":\"https:\\\/\\\/www.ana.gob.pa\\\/index.php\\\/author\\\/ogomez\\\/\"}]}<\/script>\n<!-- \/ Yoast SEO plugin. -->","yoast_head_json":{"title":"Aduana presente en el 12\u00b0 Congreso Mundial BASC - Autoridad Nacional de Aduanas","robots":{"index":"index","follow":"follow","max-snippet":"max-snippet:-1","max-image-preview":"max-image-preview:large","max-video-preview":"max-video-preview:-1"},"canonical":"https:\/\/www.ana.gob.pa\/index.php\/2026\/09\/02\/aduana-presente-en-el-12-congreso-mundial-basc\/","og_locale":"es_ES","og_type":"article","og_title":"Aduana presente en el 12\u00b0 Congreso Mundial BASC - Autoridad Nacional de Aduanas","og_description":"Con la participaci\u00f3n de l\u00edderes del sector p\u00fablico y privado, expertos internacionales e importantes representantes de las Am\u00e9ricas, incluyendo la participaci\u00f3n de figuras relevantes como la Directora General de Aduanas, Soraya Valdivieso y la Gerente General de la Zona Libre de Col\u00f3n, Luisa Napolitano, se celebr\u00f3 en Miami, Florida, el 12\u00b0 Congreso Mundial BASC \u201cAsegurando [&hellip;]","og_url":"https:\/\/www.ana.gob.pa\/index.php\/2026\/09\/02\/aduana-presente-en-el-12-congreso-mundial-basc\/","og_site_name":"Autoridad Nacional de Aduanas","article_publisher":"https:\/\/www.facebook.com\/aduanas.panama\/","article_published_time":"2026-09-02T19:41:51+00:00","article_modified_time":"2026-09-02T19:41:52+00:00","og_image":[{"width":900,"height":741,"url":"https:\/\/www.ana.gob.pa\/wp-content\/uploads\/2026\/09\/WhatsApp-Image-2026-09-02-at-10.59.29-AM.jpeg","type":"image\/jpeg"}],"author":"Ovidio Gomez","twitter_card":"summary_large_image","twitter_creator":"@aduanaspanama","twitter_site":"@aduanaspanama","twitter_misc":{"Escrito por":"Ovidio Gomez","Tiempo de lectura":"2 minutos"},"schema":{"@context":"https:\/\/schema.org","@graph":[{"@type":"Article","@id":"https:\/\/www.ana.gob.pa\/index.php\/2026\/09\/02\/aduana-presente-en-el-12-congreso-mundial-basc\/#article","isPartOf":{"@id":"https:\/\/www.ana.gob.pa\/index.php\/2026\/09\/02\/aduana-presente-en-el-12-congreso-mundial-basc\/"},"author":{"name":"Ovidio Gomez","@id":"https:\/\/www.ana.gob.pa\/#\/schema\/person\/739397fec31e88f1da6069ed31320a02"},"headline":"Aduana presente en el 12\u00b0 Congreso Mundial BASC","datePublished":"2026-09-02T19:41:51+00:00","dateModified":"2026-09-02T19:41:52+00:00","mainEntityOfPage":{"@id":"https:\/\/www.ana.gob.pa\/index.php\/2026\/09\/02\/aduana-presente-en-el-12-congreso-mundial-basc\/"},"wordCount":252,"publisher":{"@id":"https:\/\/www.ana.gob.pa\/#organization"},"image":{"@id":"https:\/\/www.ana.gob.pa\/index.php\/2026\/09\/02\/aduana-presente-en-el-12-congreso-mundial-basc\/#primaryimage"},"thumbnailUrl":"https:\/\/www.ana.gob.pa\/wp-content\/uploads\/2026\/09\/WhatsApp-Image-2026-09-02-at-10.59.29-AM.jpeg","articleSection":["Ultimas Noticias"],"inLanguage":"es"},{"@type":"WebPage","@id":"https:\/\/www.ana.gob.pa\/index.php\/2026\/09\/02\/aduana-presente-en-el-12-congreso-mundial-basc\/","url":"https:\/\/www.ana.gob.pa\/index.php\/2026\/09\/02\/aduana-presente-en-el-12-congreso-mundial-basc\/","name":"Aduana presente en el 12\u00b0 Congreso Mundial BASC - Autoridad Nacional de Aduanas","isPartOf":{"@id":"https:\/\/www.ana.gob.pa\/#website"},"primaryImageOfPage":{"@id":"https:\/\/www.ana.gob.pa\/index.php\/2026\/09\/02\/aduana-presente-en-el-12-congreso-mundial-basc\/#primaryimage"},"image":{"@id":"https:\/\/www.ana.gob.pa\/index.php\/2026\/09\/02\/aduana-presente-en-el-12-congreso-mundial-basc\/#primaryimage"},"thumbnailUrl":"https:\/\/www.ana.gob.pa\/wp-content\/uploads\/2026\/09\/WhatsApp-Image-2026-09-02-at-10.59.29-AM.jpeg","datePublished":"2026-09-02T19:41:51+00:00","dateModified":"2026-09-02T19:41:52+00:00","breadcrumb":{"@id":"https:\/\/www.ana.gob.pa\/index.php\/2026\/09\/02\/aduana-presente-en-el-12-congreso-mundial-basc\/#breadcrumb"},"inLanguage":"es","potentialAction":[{"@type":"ReadAction","target":["https:\/\/www.ana.gob.pa\/index.php\/2026\/09\/02\/aduana-presente-en-el-12-congreso-mundial-basc\/"]}]},{"@type":"ImageObject","inLanguage":"es","@id":"https:\/\/www.ana.gob.pa\/index.php\/2026\/09\/02\/aduana-presente-en-el-12-congreso-mundial-basc\/#primaryimage","url":"https:\/\/www.ana.gob.pa\/wp-content\/uploads\/2026\/09\/WhatsApp-Image-2026-09-02-at-10.59.29-AM.jpeg","contentUrl":"https:\/\/www.ana.gob.pa\/wp-content\/uploads\/2026\/09\/WhatsApp-Image-2026-09-02-at-10.59.29-AM.jpeg","width":900,"height":741},{"@type":"BreadcrumbList","@id":"https:\/\/www.ana.gob.pa\/index.php\/2026\/09\/02\/aduana-presente-en-el-12-congreso-mundial-basc\/#breadcrumb","itemListElement":[{"@type":"ListItem","position":1,"name":"Portada","item":"https:\/\/www.ana.gob.pa\/"},{"@type":"ListItem","position":2,"name":"Aduana presente en el 12\u00b0 Congreso Mundial BASC"}]},{"@type":"WebSite","@id":"https:\/\/www.ana.gob.pa\/#website","url":"https:\/\/www.ana.gob.pa\/","name":"Autoridad Nacional de Aduanas","description":"Autoridad Nacional de Aduanas","publisher":{"@id":"https:\/\/www.ana.gob.pa\/#organization"},"alternateName":"Autoridad Nacional de Aduanas","potentialAction":[{"@type":"SearchAction","target":{"@type":"EntryPoint","urlTemplate":"https:\/\/www.ana.gob.pa\/?s={search_term_string}"},"query-input":{"@type":"PropertyValueSpecification","valueRequired":true,"valueName":"search_term_string"}}],"inLanguage":"es"},{"@type":"Organization","@id":"https:\/\/www.ana.gob.pa\/#organization","name":"Autoridad Nacional de Aduanas","alternateName":"Autoridad Nacional de Aduanas","url":"https:\/\/www.ana.gob.pa\/","logo":{"@type":"ImageObject","inLanguage":"es","@id":"https:\/\/www.ana.gob.pa\/#\/schema\/logo\/image\/","url":"https:\/\/www.ana.gob.pa\/wp-content\/uploads\/2025\/07\/logo-de-aduanas-y-gobierno.png","contentUrl":"https:\/\/www.ana.gob.pa\/wp-content\/uploads\/2025\/07\/logo-de-aduanas-y-gobierno.png","width":2860,"height":423,"caption":"Autoridad Nacional de Aduanas"},"image":{"@id":"https:\/\/www.ana.gob.pa\/#\/schema\/logo\/image\/"},"sameAs":["https:\/\/www.facebook.com\/aduanas.panama\/","https:\/\/x.com\/aduanaspanama","https:\/\/www.instagram.com\/aduanaspanama"]},{"@type":"Person","@id":"https:\/\/www.ana.gob.pa\/#\/schema\/person\/739397fec31e88f1da6069ed31320a02","name":"Ovidio Gomez","image":{"@type":"ImageObject","inLanguage":"es","@id":"https:\/\/secure.gravatar.com\/avatar\/578eb611cee60183c01f786d1e4870e818e443ef8ae75628f2c61ac09413d3e8?s=96&d=mm&r=g","url":"https:\/\/secure.gravatar.com\/avatar\/578eb611cee60183c01f786d1e4870e818e443ef8ae75628f2c61ac09413d3e8?s=96&d=mm&r=g","contentUrl":"https:\/\/secure.gravatar.com\/avatar\/578eb611cee60183c01f786d1e4870e818e443ef8ae75628f2c61ac09413d3e8?s=96&d=mm&r=g","caption":"Ovidio Gomez"},"sameAs":["https:\/\/www.ana.gob.pa\/w_ana\/"],"url":"https:\/\/www.ana.gob.pa\/index.php\/author\/ogomez\/"}]}},"_links":{"self":[{"href":"https:\/\/www.ana.gob.pa\/index.php\/wp-json\/wp\/v2\/posts\/11725","targetHints":{"allow":["GET"]}}],"collection":[{"href":"https:\/\/www.ana.gob.pa\/index.php\/wp-json\/wp\/v2\/posts"}],"about":[{"href":"https:\/\/www.ana.gob.pa\/index.php\/wp-json\/wp\/v2\/types\/post"}],"author":[{"embeddable":true,"href":"https:\/\/www.ana.gob.pa\/index.php\/wp-json\/wp\/v2\/users\/18"}],"replies":[{"embeddable":true,"href":"https:\/\/www.ana.gob.pa\/index.php\/wp-json\/wp\/v2\/comments?post=11725"}],"version-history":[{"count":1,"href":"https:\/\/www.ana.gob.pa\/index.php\/wp-json\/wp\/v2\/posts\/11725\/revisions"}],"predecessor-version":[{"id":11728,"href":"https:\/\/www.ana.gob.pa\/index.php\/wp-json\/wp\/v2\/posts\/11725\/revisions\/11728"}],"wp:featuredmedia":[{"embeddable":true,"href":"https:\/\/www.ana.gob.pa\/index.php\/wp-json\/wp\/v2\/media\/11727"}],"wp:attachment":[{"href":"https:\/\/www.ana.gob.pa\/index.php\/wp-json\/wp\/v2\/media?parent=11725"}],"wp:term":[{"taxonomy":"category","embeddable":true,"href":"https:\/\/www.ana.gob.pa\/index.php\/wp-json\/wp\/v2\/categories?post=11725"},{"taxonomy":"post_tag","embeddable":true,"href":"https:\/\/www.ana.gob.pa\/index.php\/wp-json\/wp\/v2\/tags?post=11725"}],"curies":[{"name":"wp","href":"https:\/\/api.w.org\/{rel}","templated":true}]}}