{"id":2137,"date":"2017-06-30T07:36:00","date_gmt":"2017-06-30T12:36:00","guid":{"rendered":"http:\/\/10.190.55.6\/?p=2137"},"modified":"2025-11-13T07:43:23","modified_gmt":"2025-11-13T12:43:23","slug":"retienen-mercancia-de-presunto-contrabando-en-area-cercana-a-plaza-comercial-de-la-ciudad-de-colon","status":"publish","type":"post","link":"https:\/\/www.ana.gob.pa\/index.php\/2017\/06\/30\/retienen-mercancia-de-presunto-contrabando-en-area-cercana-a-plaza-comercial-de-la-ciudad-de-colon\/","title":{"rendered":"Retienen mercanc\u00eda de presunto contrabando en \u00e1rea cercana a plaza comercial de la ciudad de Col\u00f3n"},"content":{"rendered":"\n<p>Mercanc\u00eda que se presume sea de contrabando fue retenida por inspectores de la Direcci\u00f3n de Prevenci\u00f3n y Fiscalizaci\u00f3n Aduanera (D.P.F.A.) de la Zona Norte (Col\u00f3n), a un ciudadano paname\u00f1o que se encontraba manejando en las inmediaciones de Plaza Millenium, ubicada en la ciudad atl\u00e1ntica.<\/p>\n\n\n\n<p>Una vez que los funcionarios aduaneros dieron la voz de alto al nacional, encontraron dentro de su veh\u00edculo los siguientes art\u00edculos: cincuenta (50) cartones de cigarrillos marca Jaisalmer, veinticinco (25) cartones de cigarrillos marca Gold City, doce (12) botellas de whisky Old Parr 12 a\u00f1os, doce (12) botellas de aguardiente Antioque\u00f1o, diez (10) cajas de papel homogenizado marca Juice de 25 unidades cada una, ocho (8) cartones de cigarrillos marca Marlboro, un (1) medio gal\u00f3n de vodka Smirnoff y una caja de papel homogenizado marca Primal de 25 unidades.<\/p>\n\n\n\n<p>La mercader\u00eda fue llevada a las instalaciones de la Autoridad Nacional de Aduanas en Col\u00f3n, ya que el due\u00f1o de la misma no contaba con los documentos que acreditaran su tenencia, a la vez que se le cit\u00f3 para deslindar su responsabilidad en este presunto hecho punible.<\/p>\n\n\n\n<p>H.T.<\/p>\n","protected":false},"excerpt":{"rendered":"<p>Mercanc\u00eda que se presume sea de contrabando fue retenida por inspectores de la Direcci\u00f3n de Prevenci\u00f3n y Fiscalizaci\u00f3n Aduanera (D.P.F.A.) de la Zona Norte (Col\u00f3n), a un ciudadano paname\u00f1o que se encontraba manejando en las inmediaciones de Plaza Millenium, ubicada en la ciudad atl\u00e1ntica. Una vez que los funcionarios aduaneros dieron la voz de alto [&hellip;]<\/p>\n","protected":false},"author":18,"featured_media":2372,"comment_status":"closed","ping_status":"closed","sticky":false,"template":"","format":"standard","meta":{"footnotes":""},"categories":[5],"tags":[],"class_list":["post-2137","post","type-post","status-publish","format-standard","has-post-thumbnail","hentry","category-ultimas-noticias"],"yoast_head":"<!-- This site is optimized with the Yoast SEO plugin v27.4 - https:\/\/yoast.com\/product\/yoast-seo-wordpress\/ -->\n<title>Retienen mercanc\u00eda de presunto contrabando en \u00e1rea cercana a plaza comercial de la ciudad de Col\u00f3n - Autoridad Nacional de Aduanas<\/title>\n<meta name=\"robots\" content=\"index, follow, max-snippet:-1, max-image-preview:large, max-video-preview:-1\" \/>\n<link rel=\"canonical\" href=\"https:\/\/www.ana.gob.pa\/index.php\/2017\/06\/30\/retienen-mercancia-de-presunto-contrabando-en-area-cercana-a-plaza-comercial-de-la-ciudad-de-colon\/\" \/>\n<meta property=\"og:locale\" content=\"es_ES\" \/>\n<meta property=\"og:type\" content=\"article\" \/>\n<meta property=\"og:title\" content=\"Retienen mercanc\u00eda de presunto contrabando en \u00e1rea cercana a plaza comercial de la ciudad de Col\u00f3n - Autoridad Nacional de Aduanas\" \/>\n<meta property=\"og:description\" content=\"Mercanc\u00eda que se presume sea de contrabando fue retenida por inspectores de la Direcci\u00f3n de Prevenci\u00f3n y Fiscalizaci\u00f3n Aduanera (D.P.F.A.) de la Zona Norte (Col\u00f3n), a un ciudadano paname\u00f1o que se encontraba manejando en las inmediaciones de Plaza Millenium, ubicada en la ciudad atl\u00e1ntica. Una vez que los funcionarios aduaneros dieron la voz de alto [&hellip;]\" \/>\n<meta property=\"og:url\" content=\"https:\/\/www.ana.gob.pa\/index.php\/2017\/06\/30\/retienen-mercancia-de-presunto-contrabando-en-area-cercana-a-plaza-comercial-de-la-ciudad-de-colon\/\" \/>\n<meta property=\"og:site_name\" content=\"Autoridad Nacional de Aduanas\" \/>\n<meta property=\"article:publisher\" content=\"https:\/\/www.facebook.com\/aduanas.panama\/\" \/>\n<meta property=\"article:published_time\" content=\"2017-06-30T12:36:00+00:00\" \/>\n<meta property=\"article:modified_time\" content=\"2025-11-13T12:43:23+00:00\" \/>\n<meta property=\"og:image\" content=\"https:\/\/www.ana.gob.pa\/wp-content\/uploads\/2025\/09\/20170629_154852.jpg\" \/>\n\t<meta property=\"og:image:width\" content=\"847\" \/>\n\t<meta property=\"og:image:height\" content=\"463\" \/>\n\t<meta property=\"og:image:type\" content=\"image\/jpeg\" \/>\n<meta name=\"author\" content=\"Ovidio Gomez\" \/>\n<meta name=\"twitter:card\" content=\"summary_large_image\" \/>\n<meta name=\"twitter:creator\" content=\"@aduanaspanama\" \/>\n<meta name=\"twitter:site\" content=\"@aduanaspanama\" \/>\n<meta name=\"twitter:label1\" content=\"Escrito por\" \/>\n\t<meta name=\"twitter:data1\" content=\"Ovidio Gomez\" \/>\n\t<meta name=\"twitter:label2\" content=\"Tiempo de lectura\" \/>\n\t<meta name=\"twitter:data2\" content=\"1 minuto\" \/>\n<script type=\"application\/ld+json\" class=\"yoast-schema-graph\">{\"@context\":\"https:\\\/\\\/schema.org\",\"@graph\":[{\"@type\":\"Article\",\"@id\":\"https:\\\/\\\/www.ana.gob.pa\\\/index.php\\\/2017\\\/06\\\/30\\\/retienen-mercancia-de-presunto-contrabando-en-area-cercana-a-plaza-comercial-de-la-ciudad-de-colon\\\/#article\",\"isPartOf\":{\"@id\":\"https:\\\/\\\/www.ana.gob.pa\\\/index.php\\\/2017\\\/06\\\/30\\\/retienen-mercancia-de-presunto-contrabando-en-area-cercana-a-plaza-comercial-de-la-ciudad-de-colon\\\/\"},\"author\":{\"name\":\"Ovidio Gomez\",\"@id\":\"https:\\\/\\\/www.ana.gob.pa\\\/#\\\/schema\\\/person\\\/739397fec31e88f1da6069ed31320a02\"},\"headline\":\"Retienen mercanc\u00eda de presunto contrabando en \u00e1rea cercana a plaza comercial de la ciudad de Col\u00f3n\",\"datePublished\":\"2017-06-30T12:36:00+00:00\",\"dateModified\":\"2025-11-13T12:43:23+00:00\",\"mainEntityOfPage\":{\"@id\":\"https:\\\/\\\/www.ana.gob.pa\\\/index.php\\\/2017\\\/06\\\/30\\\/retienen-mercancia-de-presunto-contrabando-en-area-cercana-a-plaza-comercial-de-la-ciudad-de-colon\\\/\"},\"wordCount\":208,\"publisher\":{\"@id\":\"https:\\\/\\\/www.ana.gob.pa\\\/#organization\"},\"image\":{\"@id\":\"https:\\\/\\\/www.ana.gob.pa\\\/index.php\\\/2017\\\/06\\\/30\\\/retienen-mercancia-de-presunto-contrabando-en-area-cercana-a-plaza-comercial-de-la-ciudad-de-colon\\\/#primaryimage\"},\"thumbnailUrl\":\"https:\\\/\\\/www.ana.gob.pa\\\/wp-content\\\/uploads\\\/2025\\\/09\\\/20170629_154852.jpg\",\"articleSection\":[\"Ultimas Noticias\"],\"inLanguage\":\"es\"},{\"@type\":\"WebPage\",\"@id\":\"https:\\\/\\\/www.ana.gob.pa\\\/index.php\\\/2017\\\/06\\\/30\\\/retienen-mercancia-de-presunto-contrabando-en-area-cercana-a-plaza-comercial-de-la-ciudad-de-colon\\\/\",\"url\":\"https:\\\/\\\/www.ana.gob.pa\\\/index.php\\\/2017\\\/06\\\/30\\\/retienen-mercancia-de-presunto-contrabando-en-area-cercana-a-plaza-comercial-de-la-ciudad-de-colon\\\/\",\"name\":\"Retienen mercanc\u00eda de presunto contrabando en \u00e1rea cercana a plaza comercial de la ciudad de Col\u00f3n - Autoridad Nacional de Aduanas\",\"isPartOf\":{\"@id\":\"https:\\\/\\\/www.ana.gob.pa\\\/#website\"},\"primaryImageOfPage\":{\"@id\":\"https:\\\/\\\/www.ana.gob.pa\\\/index.php\\\/2017\\\/06\\\/30\\\/retienen-mercancia-de-presunto-contrabando-en-area-cercana-a-plaza-comercial-de-la-ciudad-de-colon\\\/#primaryimage\"},\"image\":{\"@id\":\"https:\\\/\\\/www.ana.gob.pa\\\/index.php\\\/2017\\\/06\\\/30\\\/retienen-mercancia-de-presunto-contrabando-en-area-cercana-a-plaza-comercial-de-la-ciudad-de-colon\\\/#primaryimage\"},\"thumbnailUrl\":\"https:\\\/\\\/www.ana.gob.pa\\\/wp-content\\\/uploads\\\/2025\\\/09\\\/20170629_154852.jpg\",\"datePublished\":\"2017-06-30T12:36:00+00:00\",\"dateModified\":\"2025-11-13T12:43:23+00:00\",\"breadcrumb\":{\"@id\":\"https:\\\/\\\/www.ana.gob.pa\\\/index.php\\\/2017\\\/06\\\/30\\\/retienen-mercancia-de-presunto-contrabando-en-area-cercana-a-plaza-comercial-de-la-ciudad-de-colon\\\/#breadcrumb\"},\"inLanguage\":\"es\",\"potentialAction\":[{\"@type\":\"ReadAction\",\"target\":[\"https:\\\/\\\/www.ana.gob.pa\\\/index.php\\\/2017\\\/06\\\/30\\\/retienen-mercancia-de-presunto-contrabando-en-area-cercana-a-plaza-comercial-de-la-ciudad-de-colon\\\/\"]}]},{\"@type\":\"ImageObject\",\"inLanguage\":\"es\",\"@id\":\"https:\\\/\\\/www.ana.gob.pa\\\/index.php\\\/2017\\\/06\\\/30\\\/retienen-mercancia-de-presunto-contrabando-en-area-cercana-a-plaza-comercial-de-la-ciudad-de-colon\\\/#primaryimage\",\"url\":\"https:\\\/\\\/www.ana.gob.pa\\\/wp-content\\\/uploads\\\/2025\\\/09\\\/20170629_154852.jpg\",\"contentUrl\":\"https:\\\/\\\/www.ana.gob.pa\\\/wp-content\\\/uploads\\\/2025\\\/09\\\/20170629_154852.jpg\",\"width\":847,\"height\":463},{\"@type\":\"BreadcrumbList\",\"@id\":\"https:\\\/\\\/www.ana.gob.pa\\\/index.php\\\/2017\\\/06\\\/30\\\/retienen-mercancia-de-presunto-contrabando-en-area-cercana-a-plaza-comercial-de-la-ciudad-de-colon\\\/#breadcrumb\",\"itemListElement\":[{\"@type\":\"ListItem\",\"position\":1,\"name\":\"Portada\",\"item\":\"https:\\\/\\\/www.ana.gob.pa\\\/\"},{\"@type\":\"ListItem\",\"position\":2,\"name\":\"Retienen mercanc\u00eda de presunto contrabando en \u00e1rea cercana a plaza comercial de la ciudad de Col\u00f3n\"}]},{\"@type\":\"WebSite\",\"@id\":\"https:\\\/\\\/www.ana.gob.pa\\\/#website\",\"url\":\"https:\\\/\\\/www.ana.gob.pa\\\/\",\"name\":\"Autoridad Nacional de Aduanas\",\"description\":\"Autoridad Nacional de Aduanas\",\"publisher\":{\"@id\":\"https:\\\/\\\/www.ana.gob.pa\\\/#organization\"},\"alternateName\":\"Autoridad Nacional de Aduanas\",\"potentialAction\":[{\"@type\":\"SearchAction\",\"target\":{\"@type\":\"EntryPoint\",\"urlTemplate\":\"https:\\\/\\\/www.ana.gob.pa\\\/?s={search_term_string}\"},\"query-input\":{\"@type\":\"PropertyValueSpecification\",\"valueRequired\":true,\"valueName\":\"search_term_string\"}}],\"inLanguage\":\"es\"},{\"@type\":\"Organization\",\"@id\":\"https:\\\/\\\/www.ana.gob.pa\\\/#organization\",\"name\":\"Autoridad Nacional de Aduanas\",\"alternateName\":\"Autoridad Nacional de Aduanas\",\"url\":\"https:\\\/\\\/www.ana.gob.pa\\\/\",\"logo\":{\"@type\":\"ImageObject\",\"inLanguage\":\"es\",\"@id\":\"https:\\\/\\\/www.ana.gob.pa\\\/#\\\/schema\\\/logo\\\/image\\\/\",\"url\":\"https:\\\/\\\/www.ana.gob.pa\\\/wp-content\\\/uploads\\\/2025\\\/07\\\/logo-de-aduanas-y-gobierno.png\",\"contentUrl\":\"https:\\\/\\\/www.ana.gob.pa\\\/wp-content\\\/uploads\\\/2025\\\/07\\\/logo-de-aduanas-y-gobierno.png\",\"width\":2860,\"height\":423,\"caption\":\"Autoridad Nacional de Aduanas\"},\"image\":{\"@id\":\"https:\\\/\\\/www.ana.gob.pa\\\/#\\\/schema\\\/logo\\\/image\\\/\"},\"sameAs\":[\"https:\\\/\\\/www.facebook.com\\\/aduanas.panama\\\/\",\"https:\\\/\\\/x.com\\\/aduanaspanama\",\"https:\\\/\\\/www.instagram.com\\\/aduanaspanama\"]},{\"@type\":\"Person\",\"@id\":\"https:\\\/\\\/www.ana.gob.pa\\\/#\\\/schema\\\/person\\\/739397fec31e88f1da6069ed31320a02\",\"name\":\"Ovidio Gomez\",\"image\":{\"@type\":\"ImageObject\",\"inLanguage\":\"es\",\"@id\":\"https:\\\/\\\/secure.gravatar.com\\\/avatar\\\/578eb611cee60183c01f786d1e4870e818e443ef8ae75628f2c61ac09413d3e8?s=96&d=mm&r=g\",\"url\":\"https:\\\/\\\/secure.gravatar.com\\\/avatar\\\/578eb611cee60183c01f786d1e4870e818e443ef8ae75628f2c61ac09413d3e8?s=96&d=mm&r=g\",\"contentUrl\":\"https:\\\/\\\/secure.gravatar.com\\\/avatar\\\/578eb611cee60183c01f786d1e4870e818e443ef8ae75628f2c61ac09413d3e8?s=96&d=mm&r=g\",\"caption\":\"Ovidio Gomez\"},\"sameAs\":[\"https:\\\/\\\/www.ana.gob.pa\\\/w_ana\\\/\"],\"url\":\"https:\\\/\\\/www.ana.gob.pa\\\/index.php\\\/author\\\/ogomez\\\/\"}]}<\/script>\n<!-- \/ Yoast SEO plugin. -->","yoast_head_json":{"title":"Retienen mercanc\u00eda de presunto contrabando en \u00e1rea cercana a plaza comercial de la ciudad de Col\u00f3n - Autoridad Nacional de Aduanas","robots":{"index":"index","follow":"follow","max-snippet":"max-snippet:-1","max-image-preview":"max-image-preview:large","max-video-preview":"max-video-preview:-1"},"canonical":"https:\/\/www.ana.gob.pa\/index.php\/2017\/06\/30\/retienen-mercancia-de-presunto-contrabando-en-area-cercana-a-plaza-comercial-de-la-ciudad-de-colon\/","og_locale":"es_ES","og_type":"article","og_title":"Retienen mercanc\u00eda de presunto contrabando en \u00e1rea cercana a plaza comercial de la ciudad de Col\u00f3n - Autoridad Nacional de Aduanas","og_description":"Mercanc\u00eda que se presume sea de contrabando fue retenida por inspectores de la Direcci\u00f3n de Prevenci\u00f3n y Fiscalizaci\u00f3n Aduanera (D.P.F.A.) de la Zona Norte (Col\u00f3n), a un ciudadano paname\u00f1o que se encontraba manejando en las inmediaciones de Plaza Millenium, ubicada en la ciudad atl\u00e1ntica. Una vez que los funcionarios aduaneros dieron la voz de alto [&hellip;]","og_url":"https:\/\/www.ana.gob.pa\/index.php\/2017\/06\/30\/retienen-mercancia-de-presunto-contrabando-en-area-cercana-a-plaza-comercial-de-la-ciudad-de-colon\/","og_site_name":"Autoridad Nacional de Aduanas","article_publisher":"https:\/\/www.facebook.com\/aduanas.panama\/","article_published_time":"2017-06-30T12:36:00+00:00","article_modified_time":"2025-11-13T12:43:23+00:00","og_image":[{"width":847,"height":463,"url":"https:\/\/www.ana.gob.pa\/wp-content\/uploads\/2025\/09\/20170629_154852.jpg","type":"image\/jpeg"}],"author":"Ovidio Gomez","twitter_card":"summary_large_image","twitter_creator":"@aduanaspanama","twitter_site":"@aduanaspanama","twitter_misc":{"Escrito por":"Ovidio Gomez","Tiempo de lectura":"1 minuto"},"schema":{"@context":"https:\/\/schema.org","@graph":[{"@type":"Article","@id":"https:\/\/www.ana.gob.pa\/index.php\/2017\/06\/30\/retienen-mercancia-de-presunto-contrabando-en-area-cercana-a-plaza-comercial-de-la-ciudad-de-colon\/#article","isPartOf":{"@id":"https:\/\/www.ana.gob.pa\/index.php\/2017\/06\/30\/retienen-mercancia-de-presunto-contrabando-en-area-cercana-a-plaza-comercial-de-la-ciudad-de-colon\/"},"author":{"name":"Ovidio Gomez","@id":"https:\/\/www.ana.gob.pa\/#\/schema\/person\/739397fec31e88f1da6069ed31320a02"},"headline":"Retienen mercanc\u00eda de presunto contrabando en \u00e1rea cercana a plaza comercial de la ciudad de Col\u00f3n","datePublished":"2017-06-30T12:36:00+00:00","dateModified":"2025-11-13T12:43:23+00:00","mainEntityOfPage":{"@id":"https:\/\/www.ana.gob.pa\/index.php\/2017\/06\/30\/retienen-mercancia-de-presunto-contrabando-en-area-cercana-a-plaza-comercial-de-la-ciudad-de-colon\/"},"wordCount":208,"publisher":{"@id":"https:\/\/www.ana.gob.pa\/#organization"},"image":{"@id":"https:\/\/www.ana.gob.pa\/index.php\/2017\/06\/30\/retienen-mercancia-de-presunto-contrabando-en-area-cercana-a-plaza-comercial-de-la-ciudad-de-colon\/#primaryimage"},"thumbnailUrl":"https:\/\/www.ana.gob.pa\/wp-content\/uploads\/2025\/09\/20170629_154852.jpg","articleSection":["Ultimas Noticias"],"inLanguage":"es"},{"@type":"WebPage","@id":"https:\/\/www.ana.gob.pa\/index.php\/2017\/06\/30\/retienen-mercancia-de-presunto-contrabando-en-area-cercana-a-plaza-comercial-de-la-ciudad-de-colon\/","url":"https:\/\/www.ana.gob.pa\/index.php\/2017\/06\/30\/retienen-mercancia-de-presunto-contrabando-en-area-cercana-a-plaza-comercial-de-la-ciudad-de-colon\/","name":"Retienen mercanc\u00eda de presunto contrabando en \u00e1rea cercana a plaza comercial de la ciudad de Col\u00f3n - Autoridad Nacional de Aduanas","isPartOf":{"@id":"https:\/\/www.ana.gob.pa\/#website"},"primaryImageOfPage":{"@id":"https:\/\/www.ana.gob.pa\/index.php\/2017\/06\/30\/retienen-mercancia-de-presunto-contrabando-en-area-cercana-a-plaza-comercial-de-la-ciudad-de-colon\/#primaryimage"},"image":{"@id":"https:\/\/www.ana.gob.pa\/index.php\/2017\/06\/30\/retienen-mercancia-de-presunto-contrabando-en-area-cercana-a-plaza-comercial-de-la-ciudad-de-colon\/#primaryimage"},"thumbnailUrl":"https:\/\/www.ana.gob.pa\/wp-content\/uploads\/2025\/09\/20170629_154852.jpg","datePublished":"2017-06-30T12:36:00+00:00","dateModified":"2025-11-13T12:43:23+00:00","breadcrumb":{"@id":"https:\/\/www.ana.gob.pa\/index.php\/2017\/06\/30\/retienen-mercancia-de-presunto-contrabando-en-area-cercana-a-plaza-comercial-de-la-ciudad-de-colon\/#breadcrumb"},"inLanguage":"es","potentialAction":[{"@type":"ReadAction","target":["https:\/\/www.ana.gob.pa\/index.php\/2017\/06\/30\/retienen-mercancia-de-presunto-contrabando-en-area-cercana-a-plaza-comercial-de-la-ciudad-de-colon\/"]}]},{"@type":"ImageObject","inLanguage":"es","@id":"https:\/\/www.ana.gob.pa\/index.php\/2017\/06\/30\/retienen-mercancia-de-presunto-contrabando-en-area-cercana-a-plaza-comercial-de-la-ciudad-de-colon\/#primaryimage","url":"https:\/\/www.ana.gob.pa\/wp-content\/uploads\/2025\/09\/20170629_154852.jpg","contentUrl":"https:\/\/www.ana.gob.pa\/wp-content\/uploads\/2025\/09\/20170629_154852.jpg","width":847,"height":463},{"@type":"BreadcrumbList","@id":"https:\/\/www.ana.gob.pa\/index.php\/2017\/06\/30\/retienen-mercancia-de-presunto-contrabando-en-area-cercana-a-plaza-comercial-de-la-ciudad-de-colon\/#breadcrumb","itemListElement":[{"@type":"ListItem","position":1,"name":"Portada","item":"https:\/\/www.ana.gob.pa\/"},{"@type":"ListItem","position":2,"name":"Retienen mercanc\u00eda de presunto contrabando en \u00e1rea cercana a plaza comercial de la ciudad de Col\u00f3n"}]},{"@type":"WebSite","@id":"https:\/\/www.ana.gob.pa\/#website","url":"https:\/\/www.ana.gob.pa\/","name":"Autoridad Nacional de Aduanas","description":"Autoridad Nacional de Aduanas","publisher":{"@id":"https:\/\/www.ana.gob.pa\/#organization"},"alternateName":"Autoridad Nacional de Aduanas","potentialAction":[{"@type":"SearchAction","target":{"@type":"EntryPoint","urlTemplate":"https:\/\/www.ana.gob.pa\/?s={search_term_string}"},"query-input":{"@type":"PropertyValueSpecification","valueRequired":true,"valueName":"search_term_string"}}],"inLanguage":"es"},{"@type":"Organization","@id":"https:\/\/www.ana.gob.pa\/#organization","name":"Autoridad Nacional de Aduanas","alternateName":"Autoridad Nacional de Aduanas","url":"https:\/\/www.ana.gob.pa\/","logo":{"@type":"ImageObject","inLanguage":"es","@id":"https:\/\/www.ana.gob.pa\/#\/schema\/logo\/image\/","url":"https:\/\/www.ana.gob.pa\/wp-content\/uploads\/2025\/07\/logo-de-aduanas-y-gobierno.png","contentUrl":"https:\/\/www.ana.gob.pa\/wp-content\/uploads\/2025\/07\/logo-de-aduanas-y-gobierno.png","width":2860,"height":423,"caption":"Autoridad Nacional de Aduanas"},"image":{"@id":"https:\/\/www.ana.gob.pa\/#\/schema\/logo\/image\/"},"sameAs":["https:\/\/www.facebook.com\/aduanas.panama\/","https:\/\/x.com\/aduanaspanama","https:\/\/www.instagram.com\/aduanaspanama"]},{"@type":"Person","@id":"https:\/\/www.ana.gob.pa\/#\/schema\/person\/739397fec31e88f1da6069ed31320a02","name":"Ovidio Gomez","image":{"@type":"ImageObject","inLanguage":"es","@id":"https:\/\/secure.gravatar.com\/avatar\/578eb611cee60183c01f786d1e4870e818e443ef8ae75628f2c61ac09413d3e8?s=96&d=mm&r=g","url":"https:\/\/secure.gravatar.com\/avatar\/578eb611cee60183c01f786d1e4870e818e443ef8ae75628f2c61ac09413d3e8?s=96&d=mm&r=g","contentUrl":"https:\/\/secure.gravatar.com\/avatar\/578eb611cee60183c01f786d1e4870e818e443ef8ae75628f2c61ac09413d3e8?s=96&d=mm&r=g","caption":"Ovidio Gomez"},"sameAs":["https:\/\/www.ana.gob.pa\/w_ana\/"],"url":"https:\/\/www.ana.gob.pa\/index.php\/author\/ogomez\/"}]}},"_links":{"self":[{"href":"https:\/\/www.ana.gob.pa\/index.php\/wp-json\/wp\/v2\/posts\/2137","targetHints":{"allow":["GET"]}}],"collection":[{"href":"https:\/\/www.ana.gob.pa\/index.php\/wp-json\/wp\/v2\/posts"}],"about":[{"href":"https:\/\/www.ana.gob.pa\/index.php\/wp-json\/wp\/v2\/types\/post"}],"author":[{"embeddable":true,"href":"https:\/\/www.ana.gob.pa\/index.php\/wp-json\/wp\/v2\/users\/18"}],"replies":[{"embeddable":true,"href":"https:\/\/www.ana.gob.pa\/index.php\/wp-json\/wp\/v2\/comments?post=2137"}],"version-history":[{"count":11,"href":"https:\/\/www.ana.gob.pa\/index.php\/wp-json\/wp\/v2\/posts\/2137\/revisions"}],"predecessor-version":[{"id":2347,"href":"https:\/\/www.ana.gob.pa\/index.php\/wp-json\/wp\/v2\/posts\/2137\/revisions\/2347"}],"wp:featuredmedia":[{"embeddable":true,"href":"https:\/\/www.ana.gob.pa\/index.php\/wp-json\/wp\/v2\/media\/2372"}],"wp:attachment":[{"href":"https:\/\/www.ana.gob.pa\/index.php\/wp-json\/wp\/v2\/media?parent=2137"}],"wp:term":[{"taxonomy":"category","embeddable":true,"href":"https:\/\/www.ana.gob.pa\/index.php\/wp-json\/wp\/v2\/categories?post=2137"},{"taxonomy":"post_tag","embeddable":true,"href":"https:\/\/www.ana.gob.pa\/index.php\/wp-json\/wp\/v2\/tags?post=2137"}],"curies":[{"name":"wp","href":"https:\/\/api.w.org\/{rel}","templated":true}]}}