{"id":7048,"date":"2026-03-10T15:23:11","date_gmt":"2026-03-10T20:23:11","guid":{"rendered":"https:\/\/www.ana.gob.pa\/?p=7048"},"modified":"2026-03-12T14:07:31","modified_gmt":"2026-03-12T19:07:31","slug":"aduanas-expone-desafios-del-control-de-dispositivos-electronicos-de-nicotina-ante-la-asamblea-nacional","status":"publish","type":"post","link":"https:\/\/www.ana.gob.pa\/index.php\/2026\/03\/10\/aduanas-expone-desafios-del-control-de-dispositivos-electronicos-de-nicotina-ante-la-asamblea-nacional\/","title":{"rendered":"Aduanas expone desaf\u00edos del control de dispositivos electr\u00f3nicos de nicotina ante la Asamblea Nacional"},"content":{"rendered":"\n<p>Durante una comparecencia ante la Subcomisi\u00f3n de Trabajo, Salud y Desarrollo Social de la Asamblea Nacional, el equipo t\u00e9cnico de la Autoridad Nacional de Aduanas present\u00f3 a trav\u00e9s de la asesora legal, Yoanny Prestan su an\u00e1lisis sobre los desaf\u00edos que enfrenta el pa\u00eds para el control de dispositivos electr\u00f3nicos de administraci\u00f3n de nicotina y art\u00edculos similares.<\/p>\n\n\n\n<p>Por su parte la subdirectora t\u00e9cnica de Aduanas, Carmen Tapia, destac\u00f3 ante los medios de comunicaci\u00f3n que la instituci\u00f3n mantiene el compromiso de fortalecer la capacidad del Estado para prevenir el comercio il\u00edcito y proteger la salud p\u00fablica. Durante su intervenci\u00f3n, subray\u00f3 que el incremento del uso e importaci\u00f3n de estos dispositivos exige mayores recursos, coordinaci\u00f3n interinstitucional y actualizaci\u00f3n normativa.<\/p>\n\n\n<div class=\"wp-block-image\">\n<figure class=\"aligncenter size-full is-resized\"><img loading=\"lazy\" decoding=\"async\" width=\"1599\" height=\"1200\" src=\"https:\/\/www.ana.gob.pa\/wp-content\/uploads\/2026\/03\/WhatsApp-Image-2026-03-10-at-3.16.12-PM.jpeg\" alt=\"\" class=\"wp-image-7049\" style=\"aspect-ratio:1.3325071260379229;width:790px;height:auto\" \/><\/figure>\n<\/div>\n\n\n<p>En la reuni\u00f3n tambi\u00e9n participaron el director de la DPFA, Ram\u00f3n Fern\u00e1ndez; y el director de Propiedad Intelectual, Juan Carlos L\u00f3pez, quienes reafirmaron la disposici\u00f3n de la entidad para aportar criterios t\u00e9cnicos en el proceso legislativo.<\/p>\n\n\n\n<p>Asimismo, la Autoridad Nacional de Aduanas confirm\u00f3 su participaci\u00f3n en la futura Mesa T\u00e9cnica que ser\u00e1 convocada por la Comisi\u00f3n de Trabajo, Salud y Desarrollo Social, donde se ampliar\u00e1 el an\u00e1lisis sobre los controles, riesgos y mecanismos de fiscalizaci\u00f3n aplicables a estos productos.<\/p>\n\n\n\n<p>Durante la sesi\u00f3n, la Subcomisi\u00f3n evalu\u00f3 dos iniciativas legislativas: Proyecto de Ley 263, que busca prohibir el uso, importaci\u00f3n y comercializaci\u00f3n de sistemas electr\u00f3nicos de administraci\u00f3n de nicotina, cigarrillos electr\u00f3nicos, vaporizadores, calentadores de tabaco y dispositivos similares, tengan o no contenido de nicotina.<\/p>\n\n\n\n<p>Proyecto de Ley 347, que propone modificar la Ley 13 de 25 de enero de 2008 para incluir la prohibici\u00f3n del uso de estos dispositivos en espacios p\u00fablicos y privados.<\/p>\n\n\n\n<p>Ambas propuestas legislativas se encuentran en fase de an\u00e1lisis t\u00e9cnico.<\/p>\n\n\n\n<p><\/p>\n","protected":false},"excerpt":{"rendered":"<p>Durante una comparecencia ante la Subcomisi\u00f3n de Trabajo, Salud y Desarrollo Social de la Asamblea Nacional, el equipo t\u00e9cnico de la Autoridad Nacional de Aduanas present\u00f3 a trav\u00e9s de la asesora legal, Yoanny Prestan su an\u00e1lisis sobre los desaf\u00edos que enfrenta el pa\u00eds para el control de dispositivos electr\u00f3nicos de administraci\u00f3n de nicotina y art\u00edculos [&hellip;]<\/p>\n","protected":false},"author":18,"featured_media":7050,"comment_status":"closed","ping_status":"closed","sticky":false,"template":"","format":"standard","meta":{"footnotes":""},"categories":[5],"tags":[],"class_list":["post-7048","post","type-post","status-publish","format-standard","has-post-thumbnail","hentry","category-ultimas-noticias"],"yoast_head":"<!-- This site is optimized with the Yoast SEO plugin v27.4 - https:\/\/yoast.com\/product\/yoast-seo-wordpress\/ -->\n<title>Aduanas expone desaf\u00edos del control de dispositivos electr\u00f3nicos de nicotina ante la Asamblea Nacional - Autoridad Nacional de Aduanas<\/title>\n<meta name=\"robots\" content=\"index, follow, max-snippet:-1, max-image-preview:large, max-video-preview:-1\" \/>\n<link rel=\"canonical\" href=\"https:\/\/www.ana.gob.pa\/index.php\/2026\/03\/10\/aduanas-expone-desafios-del-control-de-dispositivos-electronicos-de-nicotina-ante-la-asamblea-nacional\/\" \/>\n<meta property=\"og:locale\" content=\"es_ES\" \/>\n<meta property=\"og:type\" content=\"article\" \/>\n<meta property=\"og:title\" content=\"Aduanas expone desaf\u00edos del control de dispositivos electr\u00f3nicos de nicotina ante la Asamblea Nacional - Autoridad Nacional de Aduanas\" \/>\n<meta property=\"og:description\" content=\"Durante una comparecencia ante la Subcomisi\u00f3n de Trabajo, Salud y Desarrollo Social de la Asamblea Nacional, el equipo t\u00e9cnico de la Autoridad Nacional de Aduanas present\u00f3 a trav\u00e9s de la asesora legal, Yoanny Prestan su an\u00e1lisis sobre los desaf\u00edos que enfrenta el pa\u00eds para el control de dispositivos electr\u00f3nicos de administraci\u00f3n de nicotina y art\u00edculos [&hellip;]\" \/>\n<meta property=\"og:url\" content=\"https:\/\/www.ana.gob.pa\/index.php\/2026\/03\/10\/aduanas-expone-desafios-del-control-de-dispositivos-electronicos-de-nicotina-ante-la-asamblea-nacional\/\" \/>\n<meta property=\"og:site_name\" content=\"Autoridad Nacional de Aduanas\" \/>\n<meta property=\"article:publisher\" content=\"https:\/\/www.facebook.com\/aduanas.panama\/\" \/>\n<meta property=\"article:published_time\" content=\"2026-03-10T20:23:11+00:00\" \/>\n<meta property=\"article:modified_time\" content=\"2026-03-12T19:07:31+00:00\" \/>\n<meta property=\"og:image\" content=\"https:\/\/www.ana.gob.pa\/wp-content\/uploads\/2026\/03\/WhatsApp-Image-2026-03-09-at-4.26.26-PM.jpeg\" \/>\n\t<meta property=\"og:image:width\" content=\"1024\" \/>\n\t<meta property=\"og:image:height\" content=\"1536\" \/>\n\t<meta property=\"og:image:type\" content=\"image\/jpeg\" \/>\n<meta name=\"author\" content=\"Ovidio Gomez\" \/>\n<meta name=\"twitter:card\" content=\"summary_large_image\" \/>\n<meta name=\"twitter:creator\" content=\"@aduanaspanama\" \/>\n<meta name=\"twitter:site\" content=\"@aduanaspanama\" \/>\n<meta name=\"twitter:label1\" content=\"Escrito por\" \/>\n\t<meta name=\"twitter:data1\" content=\"Ovidio Gomez\" \/>\n\t<meta name=\"twitter:label2\" content=\"Tiempo de lectura\" \/>\n\t<meta name=\"twitter:data2\" content=\"2 minutos\" \/>\n<script type=\"application\/ld+json\" class=\"yoast-schema-graph\">{\"@context\":\"https:\\\/\\\/schema.org\",\"@graph\":[{\"@type\":\"Article\",\"@id\":\"https:\\\/\\\/www.ana.gob.pa\\\/index.php\\\/2026\\\/03\\\/10\\\/aduanas-expone-desafios-del-control-de-dispositivos-electronicos-de-nicotina-ante-la-asamblea-nacional\\\/#article\",\"isPartOf\":{\"@id\":\"https:\\\/\\\/www.ana.gob.pa\\\/index.php\\\/2026\\\/03\\\/10\\\/aduanas-expone-desafios-del-control-de-dispositivos-electronicos-de-nicotina-ante-la-asamblea-nacional\\\/\"},\"author\":{\"name\":\"Ovidio Gomez\",\"@id\":\"https:\\\/\\\/www.ana.gob.pa\\\/#\\\/schema\\\/person\\\/739397fec31e88f1da6069ed31320a02\"},\"headline\":\"Aduanas expone desaf\u00edos del control de dispositivos electr\u00f3nicos de nicotina ante la Asamblea Nacional\",\"datePublished\":\"2026-03-10T20:23:11+00:00\",\"dateModified\":\"2026-03-12T19:07:31+00:00\",\"mainEntityOfPage\":{\"@id\":\"https:\\\/\\\/www.ana.gob.pa\\\/index.php\\\/2026\\\/03\\\/10\\\/aduanas-expone-desafios-del-control-de-dispositivos-electronicos-de-nicotina-ante-la-asamblea-nacional\\\/\"},\"wordCount\":330,\"publisher\":{\"@id\":\"https:\\\/\\\/www.ana.gob.pa\\\/#organization\"},\"image\":{\"@id\":\"https:\\\/\\\/www.ana.gob.pa\\\/index.php\\\/2026\\\/03\\\/10\\\/aduanas-expone-desafios-del-control-de-dispositivos-electronicos-de-nicotina-ante-la-asamblea-nacional\\\/#primaryimage\"},\"thumbnailUrl\":\"https:\\\/\\\/www.ana.gob.pa\\\/wp-content\\\/uploads\\\/2026\\\/03\\\/WhatsApp-Image-2026-03-09-at-4.26.26-PM.jpeg\",\"articleSection\":[\"Ultimas Noticias\"],\"inLanguage\":\"es\"},{\"@type\":\"WebPage\",\"@id\":\"https:\\\/\\\/www.ana.gob.pa\\\/index.php\\\/2026\\\/03\\\/10\\\/aduanas-expone-desafios-del-control-de-dispositivos-electronicos-de-nicotina-ante-la-asamblea-nacional\\\/\",\"url\":\"https:\\\/\\\/www.ana.gob.pa\\\/index.php\\\/2026\\\/03\\\/10\\\/aduanas-expone-desafios-del-control-de-dispositivos-electronicos-de-nicotina-ante-la-asamblea-nacional\\\/\",\"name\":\"Aduanas expone desaf\u00edos del control de dispositivos electr\u00f3nicos de nicotina ante la Asamblea Nacional - Autoridad Nacional de Aduanas\",\"isPartOf\":{\"@id\":\"https:\\\/\\\/www.ana.gob.pa\\\/#website\"},\"primaryImageOfPage\":{\"@id\":\"https:\\\/\\\/www.ana.gob.pa\\\/index.php\\\/2026\\\/03\\\/10\\\/aduanas-expone-desafios-del-control-de-dispositivos-electronicos-de-nicotina-ante-la-asamblea-nacional\\\/#primaryimage\"},\"image\":{\"@id\":\"https:\\\/\\\/www.ana.gob.pa\\\/index.php\\\/2026\\\/03\\\/10\\\/aduanas-expone-desafios-del-control-de-dispositivos-electronicos-de-nicotina-ante-la-asamblea-nacional\\\/#primaryimage\"},\"thumbnailUrl\":\"https:\\\/\\\/www.ana.gob.pa\\\/wp-content\\\/uploads\\\/2026\\\/03\\\/WhatsApp-Image-2026-03-09-at-4.26.26-PM.jpeg\",\"datePublished\":\"2026-03-10T20:23:11+00:00\",\"dateModified\":\"2026-03-12T19:07:31+00:00\",\"breadcrumb\":{\"@id\":\"https:\\\/\\\/www.ana.gob.pa\\\/index.php\\\/2026\\\/03\\\/10\\\/aduanas-expone-desafios-del-control-de-dispositivos-electronicos-de-nicotina-ante-la-asamblea-nacional\\\/#breadcrumb\"},\"inLanguage\":\"es\",\"potentialAction\":[{\"@type\":\"ReadAction\",\"target\":[\"https:\\\/\\\/www.ana.gob.pa\\\/index.php\\\/2026\\\/03\\\/10\\\/aduanas-expone-desafios-del-control-de-dispositivos-electronicos-de-nicotina-ante-la-asamblea-nacional\\\/\"]}]},{\"@type\":\"ImageObject\",\"inLanguage\":\"es\",\"@id\":\"https:\\\/\\\/www.ana.gob.pa\\\/index.php\\\/2026\\\/03\\\/10\\\/aduanas-expone-desafios-del-control-de-dispositivos-electronicos-de-nicotina-ante-la-asamblea-nacional\\\/#primaryimage\",\"url\":\"https:\\\/\\\/www.ana.gob.pa\\\/wp-content\\\/uploads\\\/2026\\\/03\\\/WhatsApp-Image-2026-03-09-at-4.26.26-PM.jpeg\",\"contentUrl\":\"https:\\\/\\\/www.ana.gob.pa\\\/wp-content\\\/uploads\\\/2026\\\/03\\\/WhatsApp-Image-2026-03-09-at-4.26.26-PM.jpeg\",\"width\":1024,\"height\":1536},{\"@type\":\"BreadcrumbList\",\"@id\":\"https:\\\/\\\/www.ana.gob.pa\\\/index.php\\\/2026\\\/03\\\/10\\\/aduanas-expone-desafios-del-control-de-dispositivos-electronicos-de-nicotina-ante-la-asamblea-nacional\\\/#breadcrumb\",\"itemListElement\":[{\"@type\":\"ListItem\",\"position\":1,\"name\":\"Portada\",\"item\":\"https:\\\/\\\/www.ana.gob.pa\\\/\"},{\"@type\":\"ListItem\",\"position\":2,\"name\":\"Aduanas expone desaf\u00edos del control de dispositivos electr\u00f3nicos de nicotina ante la Asamblea Nacional\"}]},{\"@type\":\"WebSite\",\"@id\":\"https:\\\/\\\/www.ana.gob.pa\\\/#website\",\"url\":\"https:\\\/\\\/www.ana.gob.pa\\\/\",\"name\":\"Autoridad Nacional de Aduanas\",\"description\":\"Autoridad Nacional de Aduanas\",\"publisher\":{\"@id\":\"https:\\\/\\\/www.ana.gob.pa\\\/#organization\"},\"alternateName\":\"Autoridad Nacional de Aduanas\",\"potentialAction\":[{\"@type\":\"SearchAction\",\"target\":{\"@type\":\"EntryPoint\",\"urlTemplate\":\"https:\\\/\\\/www.ana.gob.pa\\\/?s={search_term_string}\"},\"query-input\":{\"@type\":\"PropertyValueSpecification\",\"valueRequired\":true,\"valueName\":\"search_term_string\"}}],\"inLanguage\":\"es\"},{\"@type\":\"Organization\",\"@id\":\"https:\\\/\\\/www.ana.gob.pa\\\/#organization\",\"name\":\"Autoridad Nacional de Aduanas\",\"alternateName\":\"Autoridad Nacional de Aduanas\",\"url\":\"https:\\\/\\\/www.ana.gob.pa\\\/\",\"logo\":{\"@type\":\"ImageObject\",\"inLanguage\":\"es\",\"@id\":\"https:\\\/\\\/www.ana.gob.pa\\\/#\\\/schema\\\/logo\\\/image\\\/\",\"url\":\"https:\\\/\\\/www.ana.gob.pa\\\/wp-content\\\/uploads\\\/2025\\\/07\\\/logo-de-aduanas-y-gobierno.png\",\"contentUrl\":\"https:\\\/\\\/www.ana.gob.pa\\\/wp-content\\\/uploads\\\/2025\\\/07\\\/logo-de-aduanas-y-gobierno.png\",\"width\":2860,\"height\":423,\"caption\":\"Autoridad Nacional de Aduanas\"},\"image\":{\"@id\":\"https:\\\/\\\/www.ana.gob.pa\\\/#\\\/schema\\\/logo\\\/image\\\/\"},\"sameAs\":[\"https:\\\/\\\/www.facebook.com\\\/aduanas.panama\\\/\",\"https:\\\/\\\/x.com\\\/aduanaspanama\",\"https:\\\/\\\/www.instagram.com\\\/aduanaspanama\"]},{\"@type\":\"Person\",\"@id\":\"https:\\\/\\\/www.ana.gob.pa\\\/#\\\/schema\\\/person\\\/739397fec31e88f1da6069ed31320a02\",\"name\":\"Ovidio Gomez\",\"image\":{\"@type\":\"ImageObject\",\"inLanguage\":\"es\",\"@id\":\"https:\\\/\\\/secure.gravatar.com\\\/avatar\\\/578eb611cee60183c01f786d1e4870e818e443ef8ae75628f2c61ac09413d3e8?s=96&d=mm&r=g\",\"url\":\"https:\\\/\\\/secure.gravatar.com\\\/avatar\\\/578eb611cee60183c01f786d1e4870e818e443ef8ae75628f2c61ac09413d3e8?s=96&d=mm&r=g\",\"contentUrl\":\"https:\\\/\\\/secure.gravatar.com\\\/avatar\\\/578eb611cee60183c01f786d1e4870e818e443ef8ae75628f2c61ac09413d3e8?s=96&d=mm&r=g\",\"caption\":\"Ovidio Gomez\"},\"sameAs\":[\"https:\\\/\\\/www.ana.gob.pa\\\/w_ana\\\/\"],\"url\":\"https:\\\/\\\/www.ana.gob.pa\\\/index.php\\\/author\\\/ogomez\\\/\"}]}<\/script>\n<!-- \/ Yoast SEO plugin. -->","yoast_head_json":{"title":"Aduanas expone desaf\u00edos del control de dispositivos electr\u00f3nicos de nicotina ante la Asamblea Nacional - Autoridad Nacional de Aduanas","robots":{"index":"index","follow":"follow","max-snippet":"max-snippet:-1","max-image-preview":"max-image-preview:large","max-video-preview":"max-video-preview:-1"},"canonical":"https:\/\/www.ana.gob.pa\/index.php\/2026\/03\/10\/aduanas-expone-desafios-del-control-de-dispositivos-electronicos-de-nicotina-ante-la-asamblea-nacional\/","og_locale":"es_ES","og_type":"article","og_title":"Aduanas expone desaf\u00edos del control de dispositivos electr\u00f3nicos de nicotina ante la Asamblea Nacional - Autoridad Nacional de Aduanas","og_description":"Durante una comparecencia ante la Subcomisi\u00f3n de Trabajo, Salud y Desarrollo Social de la Asamblea Nacional, el equipo t\u00e9cnico de la Autoridad Nacional de Aduanas present\u00f3 a trav\u00e9s de la asesora legal, Yoanny Prestan su an\u00e1lisis sobre los desaf\u00edos que enfrenta el pa\u00eds para el control de dispositivos electr\u00f3nicos de administraci\u00f3n de nicotina y art\u00edculos [&hellip;]","og_url":"https:\/\/www.ana.gob.pa\/index.php\/2026\/03\/10\/aduanas-expone-desafios-del-control-de-dispositivos-electronicos-de-nicotina-ante-la-asamblea-nacional\/","og_site_name":"Autoridad Nacional de Aduanas","article_publisher":"https:\/\/www.facebook.com\/aduanas.panama\/","article_published_time":"2026-03-10T20:23:11+00:00","article_modified_time":"2026-03-12T19:07:31+00:00","og_image":[{"width":1024,"height":1536,"url":"https:\/\/www.ana.gob.pa\/wp-content\/uploads\/2026\/03\/WhatsApp-Image-2026-03-09-at-4.26.26-PM.jpeg","type":"image\/jpeg"}],"author":"Ovidio Gomez","twitter_card":"summary_large_image","twitter_creator":"@aduanaspanama","twitter_site":"@aduanaspanama","twitter_misc":{"Escrito por":"Ovidio Gomez","Tiempo de lectura":"2 minutos"},"schema":{"@context":"https:\/\/schema.org","@graph":[{"@type":"Article","@id":"https:\/\/www.ana.gob.pa\/index.php\/2026\/03\/10\/aduanas-expone-desafios-del-control-de-dispositivos-electronicos-de-nicotina-ante-la-asamblea-nacional\/#article","isPartOf":{"@id":"https:\/\/www.ana.gob.pa\/index.php\/2026\/03\/10\/aduanas-expone-desafios-del-control-de-dispositivos-electronicos-de-nicotina-ante-la-asamblea-nacional\/"},"author":{"name":"Ovidio Gomez","@id":"https:\/\/www.ana.gob.pa\/#\/schema\/person\/739397fec31e88f1da6069ed31320a02"},"headline":"Aduanas expone desaf\u00edos del control de dispositivos electr\u00f3nicos de nicotina ante la Asamblea Nacional","datePublished":"2026-03-10T20:23:11+00:00","dateModified":"2026-03-12T19:07:31+00:00","mainEntityOfPage":{"@id":"https:\/\/www.ana.gob.pa\/index.php\/2026\/03\/10\/aduanas-expone-desafios-del-control-de-dispositivos-electronicos-de-nicotina-ante-la-asamblea-nacional\/"},"wordCount":330,"publisher":{"@id":"https:\/\/www.ana.gob.pa\/#organization"},"image":{"@id":"https:\/\/www.ana.gob.pa\/index.php\/2026\/03\/10\/aduanas-expone-desafios-del-control-de-dispositivos-electronicos-de-nicotina-ante-la-asamblea-nacional\/#primaryimage"},"thumbnailUrl":"https:\/\/www.ana.gob.pa\/wp-content\/uploads\/2026\/03\/WhatsApp-Image-2026-03-09-at-4.26.26-PM.jpeg","articleSection":["Ultimas Noticias"],"inLanguage":"es"},{"@type":"WebPage","@id":"https:\/\/www.ana.gob.pa\/index.php\/2026\/03\/10\/aduanas-expone-desafios-del-control-de-dispositivos-electronicos-de-nicotina-ante-la-asamblea-nacional\/","url":"https:\/\/www.ana.gob.pa\/index.php\/2026\/03\/10\/aduanas-expone-desafios-del-control-de-dispositivos-electronicos-de-nicotina-ante-la-asamblea-nacional\/","name":"Aduanas expone desaf\u00edos del control de dispositivos electr\u00f3nicos de nicotina ante la Asamblea Nacional - Autoridad Nacional de Aduanas","isPartOf":{"@id":"https:\/\/www.ana.gob.pa\/#website"},"primaryImageOfPage":{"@id":"https:\/\/www.ana.gob.pa\/index.php\/2026\/03\/10\/aduanas-expone-desafios-del-control-de-dispositivos-electronicos-de-nicotina-ante-la-asamblea-nacional\/#primaryimage"},"image":{"@id":"https:\/\/www.ana.gob.pa\/index.php\/2026\/03\/10\/aduanas-expone-desafios-del-control-de-dispositivos-electronicos-de-nicotina-ante-la-asamblea-nacional\/#primaryimage"},"thumbnailUrl":"https:\/\/www.ana.gob.pa\/wp-content\/uploads\/2026\/03\/WhatsApp-Image-2026-03-09-at-4.26.26-PM.jpeg","datePublished":"2026-03-10T20:23:11+00:00","dateModified":"2026-03-12T19:07:31+00:00","breadcrumb":{"@id":"https:\/\/www.ana.gob.pa\/index.php\/2026\/03\/10\/aduanas-expone-desafios-del-control-de-dispositivos-electronicos-de-nicotina-ante-la-asamblea-nacional\/#breadcrumb"},"inLanguage":"es","potentialAction":[{"@type":"ReadAction","target":["https:\/\/www.ana.gob.pa\/index.php\/2026\/03\/10\/aduanas-expone-desafios-del-control-de-dispositivos-electronicos-de-nicotina-ante-la-asamblea-nacional\/"]}]},{"@type":"ImageObject","inLanguage":"es","@id":"https:\/\/www.ana.gob.pa\/index.php\/2026\/03\/10\/aduanas-expone-desafios-del-control-de-dispositivos-electronicos-de-nicotina-ante-la-asamblea-nacional\/#primaryimage","url":"https:\/\/www.ana.gob.pa\/wp-content\/uploads\/2026\/03\/WhatsApp-Image-2026-03-09-at-4.26.26-PM.jpeg","contentUrl":"https:\/\/www.ana.gob.pa\/wp-content\/uploads\/2026\/03\/WhatsApp-Image-2026-03-09-at-4.26.26-PM.jpeg","width":1024,"height":1536},{"@type":"BreadcrumbList","@id":"https:\/\/www.ana.gob.pa\/index.php\/2026\/03\/10\/aduanas-expone-desafios-del-control-de-dispositivos-electronicos-de-nicotina-ante-la-asamblea-nacional\/#breadcrumb","itemListElement":[{"@type":"ListItem","position":1,"name":"Portada","item":"https:\/\/www.ana.gob.pa\/"},{"@type":"ListItem","position":2,"name":"Aduanas expone desaf\u00edos del control de dispositivos electr\u00f3nicos de nicotina ante la Asamblea Nacional"}]},{"@type":"WebSite","@id":"https:\/\/www.ana.gob.pa\/#website","url":"https:\/\/www.ana.gob.pa\/","name":"Autoridad Nacional de Aduanas","description":"Autoridad Nacional de Aduanas","publisher":{"@id":"https:\/\/www.ana.gob.pa\/#organization"},"alternateName":"Autoridad Nacional de Aduanas","potentialAction":[{"@type":"SearchAction","target":{"@type":"EntryPoint","urlTemplate":"https:\/\/www.ana.gob.pa\/?s={search_term_string}"},"query-input":{"@type":"PropertyValueSpecification","valueRequired":true,"valueName":"search_term_string"}}],"inLanguage":"es"},{"@type":"Organization","@id":"https:\/\/www.ana.gob.pa\/#organization","name":"Autoridad Nacional de Aduanas","alternateName":"Autoridad Nacional de Aduanas","url":"https:\/\/www.ana.gob.pa\/","logo":{"@type":"ImageObject","inLanguage":"es","@id":"https:\/\/www.ana.gob.pa\/#\/schema\/logo\/image\/","url":"https:\/\/www.ana.gob.pa\/wp-content\/uploads\/2025\/07\/logo-de-aduanas-y-gobierno.png","contentUrl":"https:\/\/www.ana.gob.pa\/wp-content\/uploads\/2025\/07\/logo-de-aduanas-y-gobierno.png","width":2860,"height":423,"caption":"Autoridad Nacional de Aduanas"},"image":{"@id":"https:\/\/www.ana.gob.pa\/#\/schema\/logo\/image\/"},"sameAs":["https:\/\/www.facebook.com\/aduanas.panama\/","https:\/\/x.com\/aduanaspanama","https:\/\/www.instagram.com\/aduanaspanama"]},{"@type":"Person","@id":"https:\/\/www.ana.gob.pa\/#\/schema\/person\/739397fec31e88f1da6069ed31320a02","name":"Ovidio Gomez","image":{"@type":"ImageObject","inLanguage":"es","@id":"https:\/\/secure.gravatar.com\/avatar\/578eb611cee60183c01f786d1e4870e818e443ef8ae75628f2c61ac09413d3e8?s=96&d=mm&r=g","url":"https:\/\/secure.gravatar.com\/avatar\/578eb611cee60183c01f786d1e4870e818e443ef8ae75628f2c61ac09413d3e8?s=96&d=mm&r=g","contentUrl":"https:\/\/secure.gravatar.com\/avatar\/578eb611cee60183c01f786d1e4870e818e443ef8ae75628f2c61ac09413d3e8?s=96&d=mm&r=g","caption":"Ovidio Gomez"},"sameAs":["https:\/\/www.ana.gob.pa\/w_ana\/"],"url":"https:\/\/www.ana.gob.pa\/index.php\/author\/ogomez\/"}]}},"_links":{"self":[{"href":"https:\/\/www.ana.gob.pa\/index.php\/wp-json\/wp\/v2\/posts\/7048","targetHints":{"allow":["GET"]}}],"collection":[{"href":"https:\/\/www.ana.gob.pa\/index.php\/wp-json\/wp\/v2\/posts"}],"about":[{"href":"https:\/\/www.ana.gob.pa\/index.php\/wp-json\/wp\/v2\/types\/post"}],"author":[{"embeddable":true,"href":"https:\/\/www.ana.gob.pa\/index.php\/wp-json\/wp\/v2\/users\/18"}],"replies":[{"embeddable":true,"href":"https:\/\/www.ana.gob.pa\/index.php\/wp-json\/wp\/v2\/comments?post=7048"}],"version-history":[{"count":2,"href":"https:\/\/www.ana.gob.pa\/index.php\/wp-json\/wp\/v2\/posts\/7048\/revisions"}],"predecessor-version":[{"id":7152,"href":"https:\/\/www.ana.gob.pa\/index.php\/wp-json\/wp\/v2\/posts\/7048\/revisions\/7152"}],"wp:featuredmedia":[{"embeddable":true,"href":"https:\/\/www.ana.gob.pa\/index.php\/wp-json\/wp\/v2\/media\/7050"}],"wp:attachment":[{"href":"https:\/\/www.ana.gob.pa\/index.php\/wp-json\/wp\/v2\/media?parent=7048"}],"wp:term":[{"taxonomy":"category","embeddable":true,"href":"https:\/\/www.ana.gob.pa\/index.php\/wp-json\/wp\/v2\/categories?post=7048"},{"taxonomy":"post_tag","embeddable":true,"href":"https:\/\/www.ana.gob.pa\/index.php\/wp-json\/wp\/v2\/tags?post=7048"}],"curies":[{"name":"wp","href":"https:\/\/api.w.org\/{rel}","templated":true}]}}