{"id":8185,"date":"2026-04-28T08:20:25","date_gmt":"2026-04-28T13:20:25","guid":{"rendered":"https:\/\/www.ana.gob.pa\/?p=8185"},"modified":"2026-04-28T08:20:25","modified_gmt":"2026-04-28T13:20:25","slug":"programa-de-integracion-logistica-aduanera-impulsa-la-modernizacion-fronteriza-entre-panama-y-costa-rica","status":"publish","type":"post","link":"https:\/\/www.ana.gob.pa\/index.php\/2026\/04\/28\/programa-de-integracion-logistica-aduanera-impulsa-la-modernizacion-fronteriza-entre-panama-y-costa-rica\/","title":{"rendered":"Programa de Integraci\u00f3n Log\u00edstica Aduanera impulsa la modernizaci\u00f3n fronteriza entre Panam\u00e1 y Costa Rica"},"content":{"rendered":"\n<p>La Autoridad Nacional de Aduanas recibi\u00f3 el Edificio Administrativo y Centro de Alojamiento del puesto fronterizo de R\u00edo Sereno, en la provincia de Chiriqu\u00ed, una obra estrat\u00e9gica liderada por la entidad.<\/p>\n\n\n\n<p>&nbsp;Este nuevo puesto fronterizo de integraci\u00f3n log\u00edstica binacional forma parte del Programa de Integraci\u00f3n Log\u00edstica Aduanera (PILA), y consta de una infraestructura con oficinas administrativas, as\u00ed como \u00e1reas de alojamiento y descanso, para el personal asignado a la cabecera \u00fanica yuxtapuesta ubicada en Sabalito, Costa Rica.<\/p>\n\n\n\n<p>&nbsp;El PILA est\u00e1 conformado por varios proyectos, que, tras enfrentar retrasos significativos, avanzan hacia la modernizaci\u00f3n del sistema migratorio y aduanero, con el objetivo de facilitar el intercambio comercial y el tr\u00e1nsito de pasajeros entre Panam\u00e1 y Costa Rica, asegurando un menor tiempo de cruce de frontera, mayor seguridad, una mayor recaudaci\u00f3n fiscal y la reducci\u00f3n de los costos de transacci\u00f3n, lo que se traduce en un sistema log\u00edstico-aduanero eficiente y de vanguardia.<\/p>\n\n\n\n<p>&nbsp;El Programa es financiado mediante un pr\u00e9stamo no reembolsable del Banco Interamericano de Desarrollo y coincide con la Gesti\u00f3n Coordinada de Fronteras de la Organizaci\u00f3n Mundial de Aduanas (OMA), con el objetivo de modernizar los procesos, la tecnolog\u00eda, las infraestructuras y los equipos de control fiscal y parafiscal en los tres pasos fronterizos m\u00e1s importantes con Costa Rica, a saber: Paso Canoas, Guabito y R\u00edo Sereno, lo cual implica una coordinaci\u00f3n entre instituciones estatales y privadas del pa\u00eds, as\u00ed como el trabajo mancomunado entre ambas naciones.<\/p>\n","protected":false},"excerpt":{"rendered":"<p>La Autoridad Nacional de Aduanas recibi\u00f3 el Edificio Administrativo y Centro de Alojamiento del puesto fronterizo de R\u00edo Sereno, en la provincia de Chiriqu\u00ed, una obra estrat\u00e9gica liderada por la entidad. &nbsp;Este nuevo puesto fronterizo de integraci\u00f3n log\u00edstica binacional forma parte del Programa de Integraci\u00f3n Log\u00edstica Aduanera (PILA), y consta de una infraestructura con oficinas [&hellip;]<\/p>\n","protected":false},"author":18,"featured_media":8186,"comment_status":"closed","ping_status":"closed","sticky":false,"template":"","format":"standard","meta":{"footnotes":""},"categories":[5],"tags":[],"class_list":["post-8185","post","type-post","status-publish","format-standard","has-post-thumbnail","hentry","category-ultimas-noticias"],"yoast_head":"<!-- This site is optimized with the Yoast SEO plugin v27.4 - https:\/\/yoast.com\/product\/yoast-seo-wordpress\/ -->\n<title>Programa de Integraci\u00f3n Log\u00edstica Aduanera impulsa la modernizaci\u00f3n fronteriza entre Panam\u00e1 y Costa Rica - Autoridad Nacional de Aduanas<\/title>\n<meta name=\"robots\" content=\"index, follow, max-snippet:-1, max-image-preview:large, max-video-preview:-1\" \/>\n<link rel=\"canonical\" href=\"https:\/\/www.ana.gob.pa\/index.php\/2026\/04\/28\/programa-de-integracion-logistica-aduanera-impulsa-la-modernizacion-fronteriza-entre-panama-y-costa-rica\/\" \/>\n<meta property=\"og:locale\" content=\"es_ES\" \/>\n<meta property=\"og:type\" content=\"article\" \/>\n<meta property=\"og:title\" content=\"Programa de Integraci\u00f3n Log\u00edstica Aduanera impulsa la modernizaci\u00f3n fronteriza entre Panam\u00e1 y Costa Rica - Autoridad Nacional de Aduanas\" \/>\n<meta property=\"og:description\" content=\"La Autoridad Nacional de Aduanas recibi\u00f3 el Edificio Administrativo y Centro de Alojamiento del puesto fronterizo de R\u00edo Sereno, en la provincia de Chiriqu\u00ed, una obra estrat\u00e9gica liderada por la entidad. &nbsp;Este nuevo puesto fronterizo de integraci\u00f3n log\u00edstica binacional forma parte del Programa de Integraci\u00f3n Log\u00edstica Aduanera (PILA), y consta de una infraestructura con oficinas [&hellip;]\" \/>\n<meta property=\"og:url\" content=\"https:\/\/www.ana.gob.pa\/index.php\/2026\/04\/28\/programa-de-integracion-logistica-aduanera-impulsa-la-modernizacion-fronteriza-entre-panama-y-costa-rica\/\" \/>\n<meta property=\"og:site_name\" content=\"Autoridad Nacional de Aduanas\" \/>\n<meta property=\"article:publisher\" content=\"https:\/\/www.facebook.com\/aduanas.panama\/\" \/>\n<meta property=\"article:published_time\" content=\"2026-04-28T13:20:25+00:00\" \/>\n<meta property=\"og:image\" content=\"https:\/\/www.ana.gob.pa\/wp-content\/uploads\/2026\/04\/rio-sereno-1.jpeg\" \/>\n\t<meta property=\"og:image:width\" content=\"1600\" \/>\n\t<meta property=\"og:image:height\" content=\"1200\" \/>\n\t<meta property=\"og:image:type\" content=\"image\/jpeg\" \/>\n<meta name=\"author\" content=\"Ovidio Gomez\" \/>\n<meta name=\"twitter:card\" content=\"summary_large_image\" \/>\n<meta name=\"twitter:creator\" content=\"@aduanaspanama\" \/>\n<meta name=\"twitter:site\" content=\"@aduanaspanama\" \/>\n<meta name=\"twitter:label1\" content=\"Escrito por\" \/>\n\t<meta name=\"twitter:data1\" content=\"Ovidio Gomez\" \/>\n\t<meta name=\"twitter:label2\" content=\"Tiempo de lectura\" \/>\n\t<meta name=\"twitter:data2\" content=\"2 minutos\" \/>\n<script type=\"application\/ld+json\" class=\"yoast-schema-graph\">{\"@context\":\"https:\\\/\\\/schema.org\",\"@graph\":[{\"@type\":\"Article\",\"@id\":\"https:\\\/\\\/www.ana.gob.pa\\\/index.php\\\/2026\\\/04\\\/28\\\/programa-de-integracion-logistica-aduanera-impulsa-la-modernizacion-fronteriza-entre-panama-y-costa-rica\\\/#article\",\"isPartOf\":{\"@id\":\"https:\\\/\\\/www.ana.gob.pa\\\/index.php\\\/2026\\\/04\\\/28\\\/programa-de-integracion-logistica-aduanera-impulsa-la-modernizacion-fronteriza-entre-panama-y-costa-rica\\\/\"},\"author\":{\"name\":\"Ovidio Gomez\",\"@id\":\"https:\\\/\\\/www.ana.gob.pa\\\/#\\\/schema\\\/person\\\/739397fec31e88f1da6069ed31320a02\"},\"headline\":\"Programa de Integraci\u00f3n Log\u00edstica Aduanera impulsa la modernizaci\u00f3n fronteriza entre Panam\u00e1 y Costa Rica\",\"datePublished\":\"2026-04-28T13:20:25+00:00\",\"mainEntityOfPage\":{\"@id\":\"https:\\\/\\\/www.ana.gob.pa\\\/index.php\\\/2026\\\/04\\\/28\\\/programa-de-integracion-logistica-aduanera-impulsa-la-modernizacion-fronteriza-entre-panama-y-costa-rica\\\/\"},\"wordCount\":276,\"publisher\":{\"@id\":\"https:\\\/\\\/www.ana.gob.pa\\\/#organization\"},\"image\":{\"@id\":\"https:\\\/\\\/www.ana.gob.pa\\\/index.php\\\/2026\\\/04\\\/28\\\/programa-de-integracion-logistica-aduanera-impulsa-la-modernizacion-fronteriza-entre-panama-y-costa-rica\\\/#primaryimage\"},\"thumbnailUrl\":\"https:\\\/\\\/www.ana.gob.pa\\\/wp-content\\\/uploads\\\/2026\\\/04\\\/rio-sereno-1.jpeg\",\"articleSection\":[\"Ultimas Noticias\"],\"inLanguage\":\"es\"},{\"@type\":\"WebPage\",\"@id\":\"https:\\\/\\\/www.ana.gob.pa\\\/index.php\\\/2026\\\/04\\\/28\\\/programa-de-integracion-logistica-aduanera-impulsa-la-modernizacion-fronteriza-entre-panama-y-costa-rica\\\/\",\"url\":\"https:\\\/\\\/www.ana.gob.pa\\\/index.php\\\/2026\\\/04\\\/28\\\/programa-de-integracion-logistica-aduanera-impulsa-la-modernizacion-fronteriza-entre-panama-y-costa-rica\\\/\",\"name\":\"Programa de Integraci\u00f3n Log\u00edstica Aduanera impulsa la modernizaci\u00f3n fronteriza entre Panam\u00e1 y Costa Rica - Autoridad Nacional de Aduanas\",\"isPartOf\":{\"@id\":\"https:\\\/\\\/www.ana.gob.pa\\\/#website\"},\"primaryImageOfPage\":{\"@id\":\"https:\\\/\\\/www.ana.gob.pa\\\/index.php\\\/2026\\\/04\\\/28\\\/programa-de-integracion-logistica-aduanera-impulsa-la-modernizacion-fronteriza-entre-panama-y-costa-rica\\\/#primaryimage\"},\"image\":{\"@id\":\"https:\\\/\\\/www.ana.gob.pa\\\/index.php\\\/2026\\\/04\\\/28\\\/programa-de-integracion-logistica-aduanera-impulsa-la-modernizacion-fronteriza-entre-panama-y-costa-rica\\\/#primaryimage\"},\"thumbnailUrl\":\"https:\\\/\\\/www.ana.gob.pa\\\/wp-content\\\/uploads\\\/2026\\\/04\\\/rio-sereno-1.jpeg\",\"datePublished\":\"2026-04-28T13:20:25+00:00\",\"breadcrumb\":{\"@id\":\"https:\\\/\\\/www.ana.gob.pa\\\/index.php\\\/2026\\\/04\\\/28\\\/programa-de-integracion-logistica-aduanera-impulsa-la-modernizacion-fronteriza-entre-panama-y-costa-rica\\\/#breadcrumb\"},\"inLanguage\":\"es\",\"potentialAction\":[{\"@type\":\"ReadAction\",\"target\":[\"https:\\\/\\\/www.ana.gob.pa\\\/index.php\\\/2026\\\/04\\\/28\\\/programa-de-integracion-logistica-aduanera-impulsa-la-modernizacion-fronteriza-entre-panama-y-costa-rica\\\/\"]}]},{\"@type\":\"ImageObject\",\"inLanguage\":\"es\",\"@id\":\"https:\\\/\\\/www.ana.gob.pa\\\/index.php\\\/2026\\\/04\\\/28\\\/programa-de-integracion-logistica-aduanera-impulsa-la-modernizacion-fronteriza-entre-panama-y-costa-rica\\\/#primaryimage\",\"url\":\"https:\\\/\\\/www.ana.gob.pa\\\/wp-content\\\/uploads\\\/2026\\\/04\\\/rio-sereno-1.jpeg\",\"contentUrl\":\"https:\\\/\\\/www.ana.gob.pa\\\/wp-content\\\/uploads\\\/2026\\\/04\\\/rio-sereno-1.jpeg\",\"width\":1600,\"height\":1200},{\"@type\":\"BreadcrumbList\",\"@id\":\"https:\\\/\\\/www.ana.gob.pa\\\/index.php\\\/2026\\\/04\\\/28\\\/programa-de-integracion-logistica-aduanera-impulsa-la-modernizacion-fronteriza-entre-panama-y-costa-rica\\\/#breadcrumb\",\"itemListElement\":[{\"@type\":\"ListItem\",\"position\":1,\"name\":\"Portada\",\"item\":\"https:\\\/\\\/www.ana.gob.pa\\\/\"},{\"@type\":\"ListItem\",\"position\":2,\"name\":\"Programa de Integraci\u00f3n Log\u00edstica Aduanera impulsa la modernizaci\u00f3n fronteriza entre Panam\u00e1 y Costa Rica\"}]},{\"@type\":\"WebSite\",\"@id\":\"https:\\\/\\\/www.ana.gob.pa\\\/#website\",\"url\":\"https:\\\/\\\/www.ana.gob.pa\\\/\",\"name\":\"Autoridad Nacional de Aduanas\",\"description\":\"Autoridad Nacional de Aduanas\",\"publisher\":{\"@id\":\"https:\\\/\\\/www.ana.gob.pa\\\/#organization\"},\"alternateName\":\"Autoridad Nacional de Aduanas\",\"potentialAction\":[{\"@type\":\"SearchAction\",\"target\":{\"@type\":\"EntryPoint\",\"urlTemplate\":\"https:\\\/\\\/www.ana.gob.pa\\\/?s={search_term_string}\"},\"query-input\":{\"@type\":\"PropertyValueSpecification\",\"valueRequired\":true,\"valueName\":\"search_term_string\"}}],\"inLanguage\":\"es\"},{\"@type\":\"Organization\",\"@id\":\"https:\\\/\\\/www.ana.gob.pa\\\/#organization\",\"name\":\"Autoridad Nacional de Aduanas\",\"alternateName\":\"Autoridad Nacional de Aduanas\",\"url\":\"https:\\\/\\\/www.ana.gob.pa\\\/\",\"logo\":{\"@type\":\"ImageObject\",\"inLanguage\":\"es\",\"@id\":\"https:\\\/\\\/www.ana.gob.pa\\\/#\\\/schema\\\/logo\\\/image\\\/\",\"url\":\"https:\\\/\\\/www.ana.gob.pa\\\/wp-content\\\/uploads\\\/2025\\\/07\\\/logo-de-aduanas-y-gobierno.png\",\"contentUrl\":\"https:\\\/\\\/www.ana.gob.pa\\\/wp-content\\\/uploads\\\/2025\\\/07\\\/logo-de-aduanas-y-gobierno.png\",\"width\":2860,\"height\":423,\"caption\":\"Autoridad Nacional de Aduanas\"},\"image\":{\"@id\":\"https:\\\/\\\/www.ana.gob.pa\\\/#\\\/schema\\\/logo\\\/image\\\/\"},\"sameAs\":[\"https:\\\/\\\/www.facebook.com\\\/aduanas.panama\\\/\",\"https:\\\/\\\/x.com\\\/aduanaspanama\",\"https:\\\/\\\/www.instagram.com\\\/aduanaspanama\"]},{\"@type\":\"Person\",\"@id\":\"https:\\\/\\\/www.ana.gob.pa\\\/#\\\/schema\\\/person\\\/739397fec31e88f1da6069ed31320a02\",\"name\":\"Ovidio Gomez\",\"image\":{\"@type\":\"ImageObject\",\"inLanguage\":\"es\",\"@id\":\"https:\\\/\\\/secure.gravatar.com\\\/avatar\\\/578eb611cee60183c01f786d1e4870e818e443ef8ae75628f2c61ac09413d3e8?s=96&d=mm&r=g\",\"url\":\"https:\\\/\\\/secure.gravatar.com\\\/avatar\\\/578eb611cee60183c01f786d1e4870e818e443ef8ae75628f2c61ac09413d3e8?s=96&d=mm&r=g\",\"contentUrl\":\"https:\\\/\\\/secure.gravatar.com\\\/avatar\\\/578eb611cee60183c01f786d1e4870e818e443ef8ae75628f2c61ac09413d3e8?s=96&d=mm&r=g\",\"caption\":\"Ovidio Gomez\"},\"sameAs\":[\"https:\\\/\\\/www.ana.gob.pa\\\/w_ana\\\/\"],\"url\":\"https:\\\/\\\/www.ana.gob.pa\\\/index.php\\\/author\\\/ogomez\\\/\"}]}<\/script>\n<!-- \/ Yoast SEO plugin. -->","yoast_head_json":{"title":"Programa de Integraci\u00f3n Log\u00edstica Aduanera impulsa la modernizaci\u00f3n fronteriza entre Panam\u00e1 y Costa Rica - Autoridad Nacional de Aduanas","robots":{"index":"index","follow":"follow","max-snippet":"max-snippet:-1","max-image-preview":"max-image-preview:large","max-video-preview":"max-video-preview:-1"},"canonical":"https:\/\/www.ana.gob.pa\/index.php\/2026\/04\/28\/programa-de-integracion-logistica-aduanera-impulsa-la-modernizacion-fronteriza-entre-panama-y-costa-rica\/","og_locale":"es_ES","og_type":"article","og_title":"Programa de Integraci\u00f3n Log\u00edstica Aduanera impulsa la modernizaci\u00f3n fronteriza entre Panam\u00e1 y Costa Rica - Autoridad Nacional de Aduanas","og_description":"La Autoridad Nacional de Aduanas recibi\u00f3 el Edificio Administrativo y Centro de Alojamiento del puesto fronterizo de R\u00edo Sereno, en la provincia de Chiriqu\u00ed, una obra estrat\u00e9gica liderada por la entidad. &nbsp;Este nuevo puesto fronterizo de integraci\u00f3n log\u00edstica binacional forma parte del Programa de Integraci\u00f3n Log\u00edstica Aduanera (PILA), y consta de una infraestructura con oficinas [&hellip;]","og_url":"https:\/\/www.ana.gob.pa\/index.php\/2026\/04\/28\/programa-de-integracion-logistica-aduanera-impulsa-la-modernizacion-fronteriza-entre-panama-y-costa-rica\/","og_site_name":"Autoridad Nacional de Aduanas","article_publisher":"https:\/\/www.facebook.com\/aduanas.panama\/","article_published_time":"2026-04-28T13:20:25+00:00","og_image":[{"width":1600,"height":1200,"url":"https:\/\/www.ana.gob.pa\/wp-content\/uploads\/2026\/04\/rio-sereno-1.jpeg","type":"image\/jpeg"}],"author":"Ovidio Gomez","twitter_card":"summary_large_image","twitter_creator":"@aduanaspanama","twitter_site":"@aduanaspanama","twitter_misc":{"Escrito por":"Ovidio Gomez","Tiempo de lectura":"2 minutos"},"schema":{"@context":"https:\/\/schema.org","@graph":[{"@type":"Article","@id":"https:\/\/www.ana.gob.pa\/index.php\/2026\/04\/28\/programa-de-integracion-logistica-aduanera-impulsa-la-modernizacion-fronteriza-entre-panama-y-costa-rica\/#article","isPartOf":{"@id":"https:\/\/www.ana.gob.pa\/index.php\/2026\/04\/28\/programa-de-integracion-logistica-aduanera-impulsa-la-modernizacion-fronteriza-entre-panama-y-costa-rica\/"},"author":{"name":"Ovidio Gomez","@id":"https:\/\/www.ana.gob.pa\/#\/schema\/person\/739397fec31e88f1da6069ed31320a02"},"headline":"Programa de Integraci\u00f3n Log\u00edstica Aduanera impulsa la modernizaci\u00f3n fronteriza entre Panam\u00e1 y Costa Rica","datePublished":"2026-04-28T13:20:25+00:00","mainEntityOfPage":{"@id":"https:\/\/www.ana.gob.pa\/index.php\/2026\/04\/28\/programa-de-integracion-logistica-aduanera-impulsa-la-modernizacion-fronteriza-entre-panama-y-costa-rica\/"},"wordCount":276,"publisher":{"@id":"https:\/\/www.ana.gob.pa\/#organization"},"image":{"@id":"https:\/\/www.ana.gob.pa\/index.php\/2026\/04\/28\/programa-de-integracion-logistica-aduanera-impulsa-la-modernizacion-fronteriza-entre-panama-y-costa-rica\/#primaryimage"},"thumbnailUrl":"https:\/\/www.ana.gob.pa\/wp-content\/uploads\/2026\/04\/rio-sereno-1.jpeg","articleSection":["Ultimas Noticias"],"inLanguage":"es"},{"@type":"WebPage","@id":"https:\/\/www.ana.gob.pa\/index.php\/2026\/04\/28\/programa-de-integracion-logistica-aduanera-impulsa-la-modernizacion-fronteriza-entre-panama-y-costa-rica\/","url":"https:\/\/www.ana.gob.pa\/index.php\/2026\/04\/28\/programa-de-integracion-logistica-aduanera-impulsa-la-modernizacion-fronteriza-entre-panama-y-costa-rica\/","name":"Programa de Integraci\u00f3n Log\u00edstica Aduanera impulsa la modernizaci\u00f3n fronteriza entre Panam\u00e1 y Costa Rica - Autoridad Nacional de Aduanas","isPartOf":{"@id":"https:\/\/www.ana.gob.pa\/#website"},"primaryImageOfPage":{"@id":"https:\/\/www.ana.gob.pa\/index.php\/2026\/04\/28\/programa-de-integracion-logistica-aduanera-impulsa-la-modernizacion-fronteriza-entre-panama-y-costa-rica\/#primaryimage"},"image":{"@id":"https:\/\/www.ana.gob.pa\/index.php\/2026\/04\/28\/programa-de-integracion-logistica-aduanera-impulsa-la-modernizacion-fronteriza-entre-panama-y-costa-rica\/#primaryimage"},"thumbnailUrl":"https:\/\/www.ana.gob.pa\/wp-content\/uploads\/2026\/04\/rio-sereno-1.jpeg","datePublished":"2026-04-28T13:20:25+00:00","breadcrumb":{"@id":"https:\/\/www.ana.gob.pa\/index.php\/2026\/04\/28\/programa-de-integracion-logistica-aduanera-impulsa-la-modernizacion-fronteriza-entre-panama-y-costa-rica\/#breadcrumb"},"inLanguage":"es","potentialAction":[{"@type":"ReadAction","target":["https:\/\/www.ana.gob.pa\/index.php\/2026\/04\/28\/programa-de-integracion-logistica-aduanera-impulsa-la-modernizacion-fronteriza-entre-panama-y-costa-rica\/"]}]},{"@type":"ImageObject","inLanguage":"es","@id":"https:\/\/www.ana.gob.pa\/index.php\/2026\/04\/28\/programa-de-integracion-logistica-aduanera-impulsa-la-modernizacion-fronteriza-entre-panama-y-costa-rica\/#primaryimage","url":"https:\/\/www.ana.gob.pa\/wp-content\/uploads\/2026\/04\/rio-sereno-1.jpeg","contentUrl":"https:\/\/www.ana.gob.pa\/wp-content\/uploads\/2026\/04\/rio-sereno-1.jpeg","width":1600,"height":1200},{"@type":"BreadcrumbList","@id":"https:\/\/www.ana.gob.pa\/index.php\/2026\/04\/28\/programa-de-integracion-logistica-aduanera-impulsa-la-modernizacion-fronteriza-entre-panama-y-costa-rica\/#breadcrumb","itemListElement":[{"@type":"ListItem","position":1,"name":"Portada","item":"https:\/\/www.ana.gob.pa\/"},{"@type":"ListItem","position":2,"name":"Programa de Integraci\u00f3n Log\u00edstica Aduanera impulsa la modernizaci\u00f3n fronteriza entre Panam\u00e1 y Costa Rica"}]},{"@type":"WebSite","@id":"https:\/\/www.ana.gob.pa\/#website","url":"https:\/\/www.ana.gob.pa\/","name":"Autoridad Nacional de Aduanas","description":"Autoridad Nacional de Aduanas","publisher":{"@id":"https:\/\/www.ana.gob.pa\/#organization"},"alternateName":"Autoridad Nacional de Aduanas","potentialAction":[{"@type":"SearchAction","target":{"@type":"EntryPoint","urlTemplate":"https:\/\/www.ana.gob.pa\/?s={search_term_string}"},"query-input":{"@type":"PropertyValueSpecification","valueRequired":true,"valueName":"search_term_string"}}],"inLanguage":"es"},{"@type":"Organization","@id":"https:\/\/www.ana.gob.pa\/#organization","name":"Autoridad Nacional de Aduanas","alternateName":"Autoridad Nacional de Aduanas","url":"https:\/\/www.ana.gob.pa\/","logo":{"@type":"ImageObject","inLanguage":"es","@id":"https:\/\/www.ana.gob.pa\/#\/schema\/logo\/image\/","url":"https:\/\/www.ana.gob.pa\/wp-content\/uploads\/2025\/07\/logo-de-aduanas-y-gobierno.png","contentUrl":"https:\/\/www.ana.gob.pa\/wp-content\/uploads\/2025\/07\/logo-de-aduanas-y-gobierno.png","width":2860,"height":423,"caption":"Autoridad Nacional de Aduanas"},"image":{"@id":"https:\/\/www.ana.gob.pa\/#\/schema\/logo\/image\/"},"sameAs":["https:\/\/www.facebook.com\/aduanas.panama\/","https:\/\/x.com\/aduanaspanama","https:\/\/www.instagram.com\/aduanaspanama"]},{"@type":"Person","@id":"https:\/\/www.ana.gob.pa\/#\/schema\/person\/739397fec31e88f1da6069ed31320a02","name":"Ovidio Gomez","image":{"@type":"ImageObject","inLanguage":"es","@id":"https:\/\/secure.gravatar.com\/avatar\/578eb611cee60183c01f786d1e4870e818e443ef8ae75628f2c61ac09413d3e8?s=96&d=mm&r=g","url":"https:\/\/secure.gravatar.com\/avatar\/578eb611cee60183c01f786d1e4870e818e443ef8ae75628f2c61ac09413d3e8?s=96&d=mm&r=g","contentUrl":"https:\/\/secure.gravatar.com\/avatar\/578eb611cee60183c01f786d1e4870e818e443ef8ae75628f2c61ac09413d3e8?s=96&d=mm&r=g","caption":"Ovidio Gomez"},"sameAs":["https:\/\/www.ana.gob.pa\/w_ana\/"],"url":"https:\/\/www.ana.gob.pa\/index.php\/author\/ogomez\/"}]}},"_links":{"self":[{"href":"https:\/\/www.ana.gob.pa\/index.php\/wp-json\/wp\/v2\/posts\/8185","targetHints":{"allow":["GET"]}}],"collection":[{"href":"https:\/\/www.ana.gob.pa\/index.php\/wp-json\/wp\/v2\/posts"}],"about":[{"href":"https:\/\/www.ana.gob.pa\/index.php\/wp-json\/wp\/v2\/types\/post"}],"author":[{"embeddable":true,"href":"https:\/\/www.ana.gob.pa\/index.php\/wp-json\/wp\/v2\/users\/18"}],"replies":[{"embeddable":true,"href":"https:\/\/www.ana.gob.pa\/index.php\/wp-json\/wp\/v2\/comments?post=8185"}],"version-history":[{"count":1,"href":"https:\/\/www.ana.gob.pa\/index.php\/wp-json\/wp\/v2\/posts\/8185\/revisions"}],"predecessor-version":[{"id":8187,"href":"https:\/\/www.ana.gob.pa\/index.php\/wp-json\/wp\/v2\/posts\/8185\/revisions\/8187"}],"wp:featuredmedia":[{"embeddable":true,"href":"https:\/\/www.ana.gob.pa\/index.php\/wp-json\/wp\/v2\/media\/8186"}],"wp:attachment":[{"href":"https:\/\/www.ana.gob.pa\/index.php\/wp-json\/wp\/v2\/media?parent=8185"}],"wp:term":[{"taxonomy":"category","embeddable":true,"href":"https:\/\/www.ana.gob.pa\/index.php\/wp-json\/wp\/v2\/categories?post=8185"},{"taxonomy":"post_tag","embeddable":true,"href":"https:\/\/www.ana.gob.pa\/index.php\/wp-json\/wp\/v2\/tags?post=8185"}],"curies":[{"name":"wp","href":"https:\/\/api.w.org\/{rel}","templated":true}]}}