{"id":8189,"date":"2026-04-28T09:31:46","date_gmt":"2026-04-28T14:31:46","guid":{"rendered":"https:\/\/www.ana.gob.pa\/?p=8189"},"modified":"2026-04-28T09:38:29","modified_gmt":"2026-04-28T14:38:29","slug":"retencion-de-mercancia-por-presunto-contrabando-en-david-y-la-frontera","status":"publish","type":"post","link":"https:\/\/www.ana.gob.pa\/index.php\/2026\/04\/28\/retencion-de-mercancia-por-presunto-contrabando-en-david-y-la-frontera\/","title":{"rendered":"Retenci\u00f3n de mercanc\u00eda por presunto contrabando en David y la frontera"},"content":{"rendered":"\n<p>Inspectores de la Direcci\u00f3n de Prevenci\u00f3n y Fiscalizaci\u00f3n Aduanera, Zona Occidental, durante una diligencia de inspecci\u00f3n en un local comercial perteneciente a una empresa de encomiendas ubicada en la ciudad de David dio con la retenci\u00f3n de cigarrillos de presunto contrabando.<\/p>\n\n\n\n<p>&nbsp;Durante la actuaci\u00f3n, se logr\u00f3 el hallazgo de tres (3) cajas de color manila que conten\u00edan en su interior un total de treinta y nueve mil seiscientas (39,600) unidades de cigarrillos de la marca J&amp;J Icy Mint Cool Grape. La mercanc\u00eda no contaba con documentaci\u00f3n que acreditara su legal introducci\u00f3n al pa\u00eds, tales como factura comercial ni registros correspondientes.<\/p>\n\n\n\n<p>&nbsp;En virtud de este hecho, se procedi\u00f3 a la retenci\u00f3n de los productos por presunto contrabando, siendo trasladados a las oficinas de la Direcci\u00f3n de Prevenci\u00f3n y Fiscalizaci\u00f3n Aduanera para la continuaci\u00f3n del tr\u00e1mite administrativo correspondiente.<\/p>\n\n\n\n<p>&nbsp;De acuerdo con las verificaciones preliminares, la mercanc\u00eda no cuenta con registros sanitarios, incumpliendo la normativa vigente aplicable.<\/p>\n\n\n\n<figure class=\"wp-block-image size-full\"><img loading=\"lazy\" decoding=\"async\" width=\"1200\" height=\"1107\" src=\"https:\/\/www.ana.gob.pa\/wp-content\/uploads\/2026\/04\/fresas-david.jpeg\" alt=\"\" class=\"wp-image-8190\" \/><\/figure>\n\n\n\n<p>En otro hecho, durante el proceso de verificaci\u00f3n de rutina en el Puesto de Control de San Isidro, se inspeccion\u00f3 un bus de ruta Frontera-David en el que se encontraron un total de 105 cajas de fresas, las cuales se presumen provenientes de Costa Rica. Dicha mercanc\u00eda era propiedad de un ciudadano de nacionalidad colombiana que pretend\u00eda trasladarla hasta David.<\/p>\n\n\n\n<p>&nbsp;En virtud de este hecho, se procedi\u00f3 a la retenci\u00f3n de los productos por presunto contrabando y por no contar con el respectivo registro sanitario, incumpliendo la normativa vigente aplicable.<\/p>\n","protected":false},"excerpt":{"rendered":"<p>Inspectores de la Direcci\u00f3n de Prevenci\u00f3n y Fiscalizaci\u00f3n Aduanera, Zona Occidental, durante una diligencia de inspecci\u00f3n en un local comercial perteneciente a una empresa de encomiendas ubicada en la ciudad de David dio con la retenci\u00f3n de cigarrillos de presunto contrabando. &nbsp;Durante la actuaci\u00f3n, se logr\u00f3 el hallazgo de tres (3) cajas de color manila [&hellip;]<\/p>\n","protected":false},"author":18,"featured_media":8195,"comment_status":"closed","ping_status":"closed","sticky":false,"template":"","format":"standard","meta":{"footnotes":""},"categories":[5],"tags":[],"class_list":["post-8189","post","type-post","status-publish","format-standard","has-post-thumbnail","hentry","category-ultimas-noticias"],"yoast_head":"<!-- This site is optimized with the Yoast SEO plugin v27.4 - https:\/\/yoast.com\/product\/yoast-seo-wordpress\/ -->\n<title>Retenci\u00f3n de mercanc\u00eda por presunto contrabando en David y la frontera - Autoridad Nacional de Aduanas<\/title>\n<meta name=\"robots\" content=\"index, follow, max-snippet:-1, max-image-preview:large, max-video-preview:-1\" \/>\n<link rel=\"canonical\" href=\"https:\/\/www.ana.gob.pa\/index.php\/2026\/04\/28\/retencion-de-mercancia-por-presunto-contrabando-en-david-y-la-frontera\/\" \/>\n<meta property=\"og:locale\" content=\"es_ES\" \/>\n<meta property=\"og:type\" content=\"article\" \/>\n<meta property=\"og:title\" content=\"Retenci\u00f3n de mercanc\u00eda por presunto contrabando en David y la frontera - Autoridad Nacional de Aduanas\" \/>\n<meta property=\"og:description\" content=\"Inspectores de la Direcci\u00f3n de Prevenci\u00f3n y Fiscalizaci\u00f3n Aduanera, Zona Occidental, durante una diligencia de inspecci\u00f3n en un local comercial perteneciente a una empresa de encomiendas ubicada en la ciudad de David dio con la retenci\u00f3n de cigarrillos de presunto contrabando. &nbsp;Durante la actuaci\u00f3n, se logr\u00f3 el hallazgo de tres (3) cajas de color manila [&hellip;]\" \/>\n<meta property=\"og:url\" content=\"https:\/\/www.ana.gob.pa\/index.php\/2026\/04\/28\/retencion-de-mercancia-por-presunto-contrabando-en-david-y-la-frontera\/\" \/>\n<meta property=\"og:site_name\" content=\"Autoridad Nacional de Aduanas\" \/>\n<meta property=\"article:publisher\" content=\"https:\/\/www.facebook.com\/aduanas.panama\/\" \/>\n<meta property=\"article:published_time\" content=\"2026-04-28T14:31:46+00:00\" \/>\n<meta property=\"article:modified_time\" content=\"2026-04-28T14:38:29+00:00\" \/>\n<meta property=\"og:image\" content=\"https:\/\/www.ana.gob.pa\/wp-content\/uploads\/2026\/04\/WhatsApp-Image-2026-04-27-at-8.55.24-PM.jpeg\" \/>\n\t<meta property=\"og:image:width\" content=\"1600\" \/>\n\t<meta property=\"og:image:height\" content=\"1204\" \/>\n\t<meta property=\"og:image:type\" content=\"image\/jpeg\" \/>\n<meta name=\"author\" content=\"Ovidio Gomez\" \/>\n<meta name=\"twitter:card\" content=\"summary_large_image\" \/>\n<meta name=\"twitter:creator\" content=\"@aduanaspanama\" \/>\n<meta name=\"twitter:site\" content=\"@aduanaspanama\" \/>\n<meta name=\"twitter:label1\" content=\"Escrito por\" \/>\n\t<meta name=\"twitter:data1\" content=\"Ovidio Gomez\" \/>\n\t<meta name=\"twitter:label2\" content=\"Tiempo de lectura\" \/>\n\t<meta name=\"twitter:data2\" content=\"2 minutos\" \/>\n<script type=\"application\/ld+json\" class=\"yoast-schema-graph\">{\"@context\":\"https:\\\/\\\/schema.org\",\"@graph\":[{\"@type\":\"Article\",\"@id\":\"https:\\\/\\\/www.ana.gob.pa\\\/index.php\\\/2026\\\/04\\\/28\\\/retencion-de-mercancia-por-presunto-contrabando-en-david-y-la-frontera\\\/#article\",\"isPartOf\":{\"@id\":\"https:\\\/\\\/www.ana.gob.pa\\\/index.php\\\/2026\\\/04\\\/28\\\/retencion-de-mercancia-por-presunto-contrabando-en-david-y-la-frontera\\\/\"},\"author\":{\"name\":\"Ovidio Gomez\",\"@id\":\"https:\\\/\\\/www.ana.gob.pa\\\/#\\\/schema\\\/person\\\/739397fec31e88f1da6069ed31320a02\"},\"headline\":\"Retenci\u00f3n de mercanc\u00eda por presunto contrabando en David y la frontera\",\"datePublished\":\"2026-04-28T14:31:46+00:00\",\"dateModified\":\"2026-04-28T14:38:29+00:00\",\"mainEntityOfPage\":{\"@id\":\"https:\\\/\\\/www.ana.gob.pa\\\/index.php\\\/2026\\\/04\\\/28\\\/retencion-de-mercancia-por-presunto-contrabando-en-david-y-la-frontera\\\/\"},\"wordCount\":282,\"publisher\":{\"@id\":\"https:\\\/\\\/www.ana.gob.pa\\\/#organization\"},\"image\":{\"@id\":\"https:\\\/\\\/www.ana.gob.pa\\\/index.php\\\/2026\\\/04\\\/28\\\/retencion-de-mercancia-por-presunto-contrabando-en-david-y-la-frontera\\\/#primaryimage\"},\"thumbnailUrl\":\"https:\\\/\\\/www.ana.gob.pa\\\/wp-content\\\/uploads\\\/2026\\\/04\\\/WhatsApp-Image-2026-04-27-at-8.55.24-PM.jpeg\",\"articleSection\":[\"Ultimas Noticias\"],\"inLanguage\":\"es\"},{\"@type\":\"WebPage\",\"@id\":\"https:\\\/\\\/www.ana.gob.pa\\\/index.php\\\/2026\\\/04\\\/28\\\/retencion-de-mercancia-por-presunto-contrabando-en-david-y-la-frontera\\\/\",\"url\":\"https:\\\/\\\/www.ana.gob.pa\\\/index.php\\\/2026\\\/04\\\/28\\\/retencion-de-mercancia-por-presunto-contrabando-en-david-y-la-frontera\\\/\",\"name\":\"Retenci\u00f3n de mercanc\u00eda por presunto contrabando en David y la frontera - Autoridad Nacional de Aduanas\",\"isPartOf\":{\"@id\":\"https:\\\/\\\/www.ana.gob.pa\\\/#website\"},\"primaryImageOfPage\":{\"@id\":\"https:\\\/\\\/www.ana.gob.pa\\\/index.php\\\/2026\\\/04\\\/28\\\/retencion-de-mercancia-por-presunto-contrabando-en-david-y-la-frontera\\\/#primaryimage\"},\"image\":{\"@id\":\"https:\\\/\\\/www.ana.gob.pa\\\/index.php\\\/2026\\\/04\\\/28\\\/retencion-de-mercancia-por-presunto-contrabando-en-david-y-la-frontera\\\/#primaryimage\"},\"thumbnailUrl\":\"https:\\\/\\\/www.ana.gob.pa\\\/wp-content\\\/uploads\\\/2026\\\/04\\\/WhatsApp-Image-2026-04-27-at-8.55.24-PM.jpeg\",\"datePublished\":\"2026-04-28T14:31:46+00:00\",\"dateModified\":\"2026-04-28T14:38:29+00:00\",\"breadcrumb\":{\"@id\":\"https:\\\/\\\/www.ana.gob.pa\\\/index.php\\\/2026\\\/04\\\/28\\\/retencion-de-mercancia-por-presunto-contrabando-en-david-y-la-frontera\\\/#breadcrumb\"},\"inLanguage\":\"es\",\"potentialAction\":[{\"@type\":\"ReadAction\",\"target\":[\"https:\\\/\\\/www.ana.gob.pa\\\/index.php\\\/2026\\\/04\\\/28\\\/retencion-de-mercancia-por-presunto-contrabando-en-david-y-la-frontera\\\/\"]}]},{\"@type\":\"ImageObject\",\"inLanguage\":\"es\",\"@id\":\"https:\\\/\\\/www.ana.gob.pa\\\/index.php\\\/2026\\\/04\\\/28\\\/retencion-de-mercancia-por-presunto-contrabando-en-david-y-la-frontera\\\/#primaryimage\",\"url\":\"https:\\\/\\\/www.ana.gob.pa\\\/wp-content\\\/uploads\\\/2026\\\/04\\\/WhatsApp-Image-2026-04-27-at-8.55.24-PM.jpeg\",\"contentUrl\":\"https:\\\/\\\/www.ana.gob.pa\\\/wp-content\\\/uploads\\\/2026\\\/04\\\/WhatsApp-Image-2026-04-27-at-8.55.24-PM.jpeg\",\"width\":1600,\"height\":1204},{\"@type\":\"BreadcrumbList\",\"@id\":\"https:\\\/\\\/www.ana.gob.pa\\\/index.php\\\/2026\\\/04\\\/28\\\/retencion-de-mercancia-por-presunto-contrabando-en-david-y-la-frontera\\\/#breadcrumb\",\"itemListElement\":[{\"@type\":\"ListItem\",\"position\":1,\"name\":\"Portada\",\"item\":\"https:\\\/\\\/www.ana.gob.pa\\\/\"},{\"@type\":\"ListItem\",\"position\":2,\"name\":\"Retenci\u00f3n de mercanc\u00eda por presunto contrabando en David y la frontera\"}]},{\"@type\":\"WebSite\",\"@id\":\"https:\\\/\\\/www.ana.gob.pa\\\/#website\",\"url\":\"https:\\\/\\\/www.ana.gob.pa\\\/\",\"name\":\"Autoridad Nacional de Aduanas\",\"description\":\"Autoridad Nacional de Aduanas\",\"publisher\":{\"@id\":\"https:\\\/\\\/www.ana.gob.pa\\\/#organization\"},\"alternateName\":\"Autoridad Nacional de Aduanas\",\"potentialAction\":[{\"@type\":\"SearchAction\",\"target\":{\"@type\":\"EntryPoint\",\"urlTemplate\":\"https:\\\/\\\/www.ana.gob.pa\\\/?s={search_term_string}\"},\"query-input\":{\"@type\":\"PropertyValueSpecification\",\"valueRequired\":true,\"valueName\":\"search_term_string\"}}],\"inLanguage\":\"es\"},{\"@type\":\"Organization\",\"@id\":\"https:\\\/\\\/www.ana.gob.pa\\\/#organization\",\"name\":\"Autoridad Nacional de Aduanas\",\"alternateName\":\"Autoridad Nacional de Aduanas\",\"url\":\"https:\\\/\\\/www.ana.gob.pa\\\/\",\"logo\":{\"@type\":\"ImageObject\",\"inLanguage\":\"es\",\"@id\":\"https:\\\/\\\/www.ana.gob.pa\\\/#\\\/schema\\\/logo\\\/image\\\/\",\"url\":\"https:\\\/\\\/www.ana.gob.pa\\\/wp-content\\\/uploads\\\/2025\\\/07\\\/logo-de-aduanas-y-gobierno.png\",\"contentUrl\":\"https:\\\/\\\/www.ana.gob.pa\\\/wp-content\\\/uploads\\\/2025\\\/07\\\/logo-de-aduanas-y-gobierno.png\",\"width\":2860,\"height\":423,\"caption\":\"Autoridad Nacional de Aduanas\"},\"image\":{\"@id\":\"https:\\\/\\\/www.ana.gob.pa\\\/#\\\/schema\\\/logo\\\/image\\\/\"},\"sameAs\":[\"https:\\\/\\\/www.facebook.com\\\/aduanas.panama\\\/\",\"https:\\\/\\\/x.com\\\/aduanaspanama\",\"https:\\\/\\\/www.instagram.com\\\/aduanaspanama\"]},{\"@type\":\"Person\",\"@id\":\"https:\\\/\\\/www.ana.gob.pa\\\/#\\\/schema\\\/person\\\/739397fec31e88f1da6069ed31320a02\",\"name\":\"Ovidio Gomez\",\"image\":{\"@type\":\"ImageObject\",\"inLanguage\":\"es\",\"@id\":\"https:\\\/\\\/secure.gravatar.com\\\/avatar\\\/578eb611cee60183c01f786d1e4870e818e443ef8ae75628f2c61ac09413d3e8?s=96&d=mm&r=g\",\"url\":\"https:\\\/\\\/secure.gravatar.com\\\/avatar\\\/578eb611cee60183c01f786d1e4870e818e443ef8ae75628f2c61ac09413d3e8?s=96&d=mm&r=g\",\"contentUrl\":\"https:\\\/\\\/secure.gravatar.com\\\/avatar\\\/578eb611cee60183c01f786d1e4870e818e443ef8ae75628f2c61ac09413d3e8?s=96&d=mm&r=g\",\"caption\":\"Ovidio Gomez\"},\"sameAs\":[\"https:\\\/\\\/www.ana.gob.pa\\\/w_ana\\\/\"],\"url\":\"https:\\\/\\\/www.ana.gob.pa\\\/index.php\\\/author\\\/ogomez\\\/\"}]}<\/script>\n<!-- \/ Yoast SEO plugin. -->","yoast_head_json":{"title":"Retenci\u00f3n de mercanc\u00eda por presunto contrabando en David y la frontera - Autoridad Nacional de Aduanas","robots":{"index":"index","follow":"follow","max-snippet":"max-snippet:-1","max-image-preview":"max-image-preview:large","max-video-preview":"max-video-preview:-1"},"canonical":"https:\/\/www.ana.gob.pa\/index.php\/2026\/04\/28\/retencion-de-mercancia-por-presunto-contrabando-en-david-y-la-frontera\/","og_locale":"es_ES","og_type":"article","og_title":"Retenci\u00f3n de mercanc\u00eda por presunto contrabando en David y la frontera - Autoridad Nacional de Aduanas","og_description":"Inspectores de la Direcci\u00f3n de Prevenci\u00f3n y Fiscalizaci\u00f3n Aduanera, Zona Occidental, durante una diligencia de inspecci\u00f3n en un local comercial perteneciente a una empresa de encomiendas ubicada en la ciudad de David dio con la retenci\u00f3n de cigarrillos de presunto contrabando. &nbsp;Durante la actuaci\u00f3n, se logr\u00f3 el hallazgo de tres (3) cajas de color manila [&hellip;]","og_url":"https:\/\/www.ana.gob.pa\/index.php\/2026\/04\/28\/retencion-de-mercancia-por-presunto-contrabando-en-david-y-la-frontera\/","og_site_name":"Autoridad Nacional de Aduanas","article_publisher":"https:\/\/www.facebook.com\/aduanas.panama\/","article_published_time":"2026-04-28T14:31:46+00:00","article_modified_time":"2026-04-28T14:38:29+00:00","og_image":[{"width":1600,"height":1204,"url":"https:\/\/www.ana.gob.pa\/wp-content\/uploads\/2026\/04\/WhatsApp-Image-2026-04-27-at-8.55.24-PM.jpeg","type":"image\/jpeg"}],"author":"Ovidio Gomez","twitter_card":"summary_large_image","twitter_creator":"@aduanaspanama","twitter_site":"@aduanaspanama","twitter_misc":{"Escrito por":"Ovidio Gomez","Tiempo de lectura":"2 minutos"},"schema":{"@context":"https:\/\/schema.org","@graph":[{"@type":"Article","@id":"https:\/\/www.ana.gob.pa\/index.php\/2026\/04\/28\/retencion-de-mercancia-por-presunto-contrabando-en-david-y-la-frontera\/#article","isPartOf":{"@id":"https:\/\/www.ana.gob.pa\/index.php\/2026\/04\/28\/retencion-de-mercancia-por-presunto-contrabando-en-david-y-la-frontera\/"},"author":{"name":"Ovidio Gomez","@id":"https:\/\/www.ana.gob.pa\/#\/schema\/person\/739397fec31e88f1da6069ed31320a02"},"headline":"Retenci\u00f3n de mercanc\u00eda por presunto contrabando en David y la frontera","datePublished":"2026-04-28T14:31:46+00:00","dateModified":"2026-04-28T14:38:29+00:00","mainEntityOfPage":{"@id":"https:\/\/www.ana.gob.pa\/index.php\/2026\/04\/28\/retencion-de-mercancia-por-presunto-contrabando-en-david-y-la-frontera\/"},"wordCount":282,"publisher":{"@id":"https:\/\/www.ana.gob.pa\/#organization"},"image":{"@id":"https:\/\/www.ana.gob.pa\/index.php\/2026\/04\/28\/retencion-de-mercancia-por-presunto-contrabando-en-david-y-la-frontera\/#primaryimage"},"thumbnailUrl":"https:\/\/www.ana.gob.pa\/wp-content\/uploads\/2026\/04\/WhatsApp-Image-2026-04-27-at-8.55.24-PM.jpeg","articleSection":["Ultimas Noticias"],"inLanguage":"es"},{"@type":"WebPage","@id":"https:\/\/www.ana.gob.pa\/index.php\/2026\/04\/28\/retencion-de-mercancia-por-presunto-contrabando-en-david-y-la-frontera\/","url":"https:\/\/www.ana.gob.pa\/index.php\/2026\/04\/28\/retencion-de-mercancia-por-presunto-contrabando-en-david-y-la-frontera\/","name":"Retenci\u00f3n de mercanc\u00eda por presunto contrabando en David y la frontera - Autoridad Nacional de Aduanas","isPartOf":{"@id":"https:\/\/www.ana.gob.pa\/#website"},"primaryImageOfPage":{"@id":"https:\/\/www.ana.gob.pa\/index.php\/2026\/04\/28\/retencion-de-mercancia-por-presunto-contrabando-en-david-y-la-frontera\/#primaryimage"},"image":{"@id":"https:\/\/www.ana.gob.pa\/index.php\/2026\/04\/28\/retencion-de-mercancia-por-presunto-contrabando-en-david-y-la-frontera\/#primaryimage"},"thumbnailUrl":"https:\/\/www.ana.gob.pa\/wp-content\/uploads\/2026\/04\/WhatsApp-Image-2026-04-27-at-8.55.24-PM.jpeg","datePublished":"2026-04-28T14:31:46+00:00","dateModified":"2026-04-28T14:38:29+00:00","breadcrumb":{"@id":"https:\/\/www.ana.gob.pa\/index.php\/2026\/04\/28\/retencion-de-mercancia-por-presunto-contrabando-en-david-y-la-frontera\/#breadcrumb"},"inLanguage":"es","potentialAction":[{"@type":"ReadAction","target":["https:\/\/www.ana.gob.pa\/index.php\/2026\/04\/28\/retencion-de-mercancia-por-presunto-contrabando-en-david-y-la-frontera\/"]}]},{"@type":"ImageObject","inLanguage":"es","@id":"https:\/\/www.ana.gob.pa\/index.php\/2026\/04\/28\/retencion-de-mercancia-por-presunto-contrabando-en-david-y-la-frontera\/#primaryimage","url":"https:\/\/www.ana.gob.pa\/wp-content\/uploads\/2026\/04\/WhatsApp-Image-2026-04-27-at-8.55.24-PM.jpeg","contentUrl":"https:\/\/www.ana.gob.pa\/wp-content\/uploads\/2026\/04\/WhatsApp-Image-2026-04-27-at-8.55.24-PM.jpeg","width":1600,"height":1204},{"@type":"BreadcrumbList","@id":"https:\/\/www.ana.gob.pa\/index.php\/2026\/04\/28\/retencion-de-mercancia-por-presunto-contrabando-en-david-y-la-frontera\/#breadcrumb","itemListElement":[{"@type":"ListItem","position":1,"name":"Portada","item":"https:\/\/www.ana.gob.pa\/"},{"@type":"ListItem","position":2,"name":"Retenci\u00f3n de mercanc\u00eda por presunto contrabando en David y la frontera"}]},{"@type":"WebSite","@id":"https:\/\/www.ana.gob.pa\/#website","url":"https:\/\/www.ana.gob.pa\/","name":"Autoridad Nacional de Aduanas","description":"Autoridad Nacional de Aduanas","publisher":{"@id":"https:\/\/www.ana.gob.pa\/#organization"},"alternateName":"Autoridad Nacional de Aduanas","potentialAction":[{"@type":"SearchAction","target":{"@type":"EntryPoint","urlTemplate":"https:\/\/www.ana.gob.pa\/?s={search_term_string}"},"query-input":{"@type":"PropertyValueSpecification","valueRequired":true,"valueName":"search_term_string"}}],"inLanguage":"es"},{"@type":"Organization","@id":"https:\/\/www.ana.gob.pa\/#organization","name":"Autoridad Nacional de Aduanas","alternateName":"Autoridad Nacional de Aduanas","url":"https:\/\/www.ana.gob.pa\/","logo":{"@type":"ImageObject","inLanguage":"es","@id":"https:\/\/www.ana.gob.pa\/#\/schema\/logo\/image\/","url":"https:\/\/www.ana.gob.pa\/wp-content\/uploads\/2025\/07\/logo-de-aduanas-y-gobierno.png","contentUrl":"https:\/\/www.ana.gob.pa\/wp-content\/uploads\/2025\/07\/logo-de-aduanas-y-gobierno.png","width":2860,"height":423,"caption":"Autoridad Nacional de Aduanas"},"image":{"@id":"https:\/\/www.ana.gob.pa\/#\/schema\/logo\/image\/"},"sameAs":["https:\/\/www.facebook.com\/aduanas.panama\/","https:\/\/x.com\/aduanaspanama","https:\/\/www.instagram.com\/aduanaspanama"]},{"@type":"Person","@id":"https:\/\/www.ana.gob.pa\/#\/schema\/person\/739397fec31e88f1da6069ed31320a02","name":"Ovidio Gomez","image":{"@type":"ImageObject","inLanguage":"es","@id":"https:\/\/secure.gravatar.com\/avatar\/578eb611cee60183c01f786d1e4870e818e443ef8ae75628f2c61ac09413d3e8?s=96&d=mm&r=g","url":"https:\/\/secure.gravatar.com\/avatar\/578eb611cee60183c01f786d1e4870e818e443ef8ae75628f2c61ac09413d3e8?s=96&d=mm&r=g","contentUrl":"https:\/\/secure.gravatar.com\/avatar\/578eb611cee60183c01f786d1e4870e818e443ef8ae75628f2c61ac09413d3e8?s=96&d=mm&r=g","caption":"Ovidio Gomez"},"sameAs":["https:\/\/www.ana.gob.pa\/w_ana\/"],"url":"https:\/\/www.ana.gob.pa\/index.php\/author\/ogomez\/"}]}},"_links":{"self":[{"href":"https:\/\/www.ana.gob.pa\/index.php\/wp-json\/wp\/v2\/posts\/8189","targetHints":{"allow":["GET"]}}],"collection":[{"href":"https:\/\/www.ana.gob.pa\/index.php\/wp-json\/wp\/v2\/posts"}],"about":[{"href":"https:\/\/www.ana.gob.pa\/index.php\/wp-json\/wp\/v2\/types\/post"}],"author":[{"embeddable":true,"href":"https:\/\/www.ana.gob.pa\/index.php\/wp-json\/wp\/v2\/users\/18"}],"replies":[{"embeddable":true,"href":"https:\/\/www.ana.gob.pa\/index.php\/wp-json\/wp\/v2\/comments?post=8189"}],"version-history":[{"count":1,"href":"https:\/\/www.ana.gob.pa\/index.php\/wp-json\/wp\/v2\/posts\/8189\/revisions"}],"predecessor-version":[{"id":8191,"href":"https:\/\/www.ana.gob.pa\/index.php\/wp-json\/wp\/v2\/posts\/8189\/revisions\/8191"}],"wp:featuredmedia":[{"embeddable":true,"href":"https:\/\/www.ana.gob.pa\/index.php\/wp-json\/wp\/v2\/media\/8195"}],"wp:attachment":[{"href":"https:\/\/www.ana.gob.pa\/index.php\/wp-json\/wp\/v2\/media?parent=8189"}],"wp:term":[{"taxonomy":"category","embeddable":true,"href":"https:\/\/www.ana.gob.pa\/index.php\/wp-json\/wp\/v2\/categories?post=8189"},{"taxonomy":"post_tag","embeddable":true,"href":"https:\/\/www.ana.gob.pa\/index.php\/wp-json\/wp\/v2\/tags?post=8189"}],"curies":[{"name":"wp","href":"https:\/\/api.w.org\/{rel}","templated":true}]}}