{"id":8196,"date":"2026-04-28T14:15:58","date_gmt":"2026-04-28T19:15:58","guid":{"rendered":"https:\/\/www.ana.gob.pa\/?p=8196"},"modified":"2026-04-28T14:15:59","modified_gmt":"2026-04-28T19:15:59","slug":"dictan-capacitacion-sobre-el-sistema-especial-de-puerto-libre-de-colon","status":"publish","type":"post","link":"https:\/\/www.ana.gob.pa\/index.php\/2026\/04\/28\/dictan-capacitacion-sobre-el-sistema-especial-de-puerto-libre-de-colon\/","title":{"rendered":"Dictan capacitaci\u00f3n sobre el Sistema Especial de Puerto Libre de Col\u00f3n"},"content":{"rendered":"\n<p>\u201cComo ciudadanos paname\u00f1os todos tenemos el derecho de acceder a los beneficios que ofrece el Sistema Especial de Puerto Libre para la provincia de Col\u00f3n\u201d, destac\u00f3 el Lic. Carlos G\u00f3mez del Ministerio de Comercio e Industria (MICI), en la capacitaci\u00f3n sobre la importancia de fortalecer los conocimientos del personal de Aduanas con relaci\u00f3n a este tema de Estado.<\/p>\n\n\n\n<p>&nbsp;Esta capacitaci\u00f3n, dictada en el Sal\u00f3n Carlos Ra\u00fal Piad de la Autoridad Nacional de Aduanas, cont\u00f3 con la participaci\u00f3n del Subdirector General Log\u00edstico, Reynaldo Bello, quien dio a conocer las distintas leyes y decretos que conforman la normativa que rige el sistema de Col\u00f3n Puerto Libre, \u201cya que, como instituci\u00f3n del Estado, estamos obligados a participar y optimizar la gesti\u00f3n institucional y garantizar el cumplimiento de las disposiciones vigentes\u201d, explic\u00f3 el Subdirector Bello.<\/p>\n\n\n\n<p>&nbsp;El objetivo primordial de esta capacitaci\u00f3n es brindarles a los funcionarios de Aduanas, los conocimientos,&nbsp;procedimientos y la correcta aplicaci\u00f3n de las normativa de este sistema especial, que abarca en la actualidad 65 empresas registradas, de las cuales 54 son empresas comerciales que han generado durante este a\u00f1o m\u00e1s de 46,500 transacciones con un ingreso aproximado de 4.7 millones de d\u00f3lares.<\/p>\n\n\n\n<p>&nbsp;\u201cLa poblaci\u00f3n debe saber que puede registrar en el sistema y comprar a precios de Zona Libre de Col\u00f3n sin ser contrabando y con garant\u00eda\u201d, resalt\u00f3 G\u00f3mez, recalcando que las mercanc\u00edas que se venden dentro del Sistema Especial de Puerto Libre de Col\u00f3n est\u00e1n exoneradas del pago del impuesto de aranceles, el ITBMs y el ISC.<\/p>\n","protected":false},"excerpt":{"rendered":"<p>\u201cComo ciudadanos paname\u00f1os todos tenemos el derecho de acceder a los beneficios que ofrece el Sistema Especial de Puerto Libre para la provincia de Col\u00f3n\u201d, destac\u00f3 el Lic. Carlos G\u00f3mez del Ministerio de Comercio e Industria (MICI), en la capacitaci\u00f3n sobre la importancia de fortalecer los conocimientos del personal de Aduanas con relaci\u00f3n a este [&hellip;]<\/p>\n","protected":false},"author":18,"featured_media":8197,"comment_status":"closed","ping_status":"closed","sticky":false,"template":"","format":"standard","meta":{"footnotes":""},"categories":[5],"tags":[],"class_list":["post-8196","post","type-post","status-publish","format-standard","has-post-thumbnail","hentry","category-ultimas-noticias"],"yoast_head":"<!-- This site is optimized with the Yoast SEO plugin v27.4 - https:\/\/yoast.com\/product\/yoast-seo-wordpress\/ -->\n<title>Dictan capacitaci\u00f3n sobre el Sistema Especial de Puerto Libre de Col\u00f3n - Autoridad Nacional de Aduanas<\/title>\n<meta name=\"robots\" content=\"index, follow, max-snippet:-1, max-image-preview:large, max-video-preview:-1\" \/>\n<link rel=\"canonical\" href=\"https:\/\/www.ana.gob.pa\/index.php\/2026\/04\/28\/dictan-capacitacion-sobre-el-sistema-especial-de-puerto-libre-de-colon\/\" \/>\n<meta property=\"og:locale\" content=\"es_ES\" \/>\n<meta property=\"og:type\" content=\"article\" \/>\n<meta property=\"og:title\" content=\"Dictan capacitaci\u00f3n sobre el Sistema Especial de Puerto Libre de Col\u00f3n - Autoridad Nacional de Aduanas\" \/>\n<meta property=\"og:description\" content=\"\u201cComo ciudadanos paname\u00f1os todos tenemos el derecho de acceder a los beneficios que ofrece el Sistema Especial de Puerto Libre para la provincia de Col\u00f3n\u201d, destac\u00f3 el Lic. Carlos G\u00f3mez del Ministerio de Comercio e Industria (MICI), en la capacitaci\u00f3n sobre la importancia de fortalecer los conocimientos del personal de Aduanas con relaci\u00f3n a este [&hellip;]\" \/>\n<meta property=\"og:url\" content=\"https:\/\/www.ana.gob.pa\/index.php\/2026\/04\/28\/dictan-capacitacion-sobre-el-sistema-especial-de-puerto-libre-de-colon\/\" \/>\n<meta property=\"og:site_name\" content=\"Autoridad Nacional de Aduanas\" \/>\n<meta property=\"article:publisher\" content=\"https:\/\/www.facebook.com\/aduanas.panama\/\" \/>\n<meta property=\"article:published_time\" content=\"2026-04-28T19:15:58+00:00\" \/>\n<meta property=\"article:modified_time\" content=\"2026-04-28T19:15:59+00:00\" \/>\n<meta property=\"og:image\" content=\"https:\/\/www.ana.gob.pa\/wp-content\/uploads\/2026\/04\/charla-salon-piad.jpg\" \/>\n\t<meta property=\"og:image:width\" content=\"800\" \/>\n\t<meta property=\"og:image:height\" content=\"533\" \/>\n\t<meta property=\"og:image:type\" content=\"image\/jpeg\" \/>\n<meta name=\"author\" content=\"Ovidio Gomez\" \/>\n<meta name=\"twitter:card\" content=\"summary_large_image\" \/>\n<meta name=\"twitter:creator\" content=\"@aduanaspanama\" \/>\n<meta name=\"twitter:site\" content=\"@aduanaspanama\" \/>\n<meta name=\"twitter:label1\" content=\"Escrito por\" \/>\n\t<meta name=\"twitter:data1\" content=\"Ovidio Gomez\" \/>\n\t<meta name=\"twitter:label2\" content=\"Tiempo de lectura\" \/>\n\t<meta name=\"twitter:data2\" content=\"2 minutos\" \/>\n<script type=\"application\/ld+json\" class=\"yoast-schema-graph\">{\"@context\":\"https:\\\/\\\/schema.org\",\"@graph\":[{\"@type\":\"Article\",\"@id\":\"https:\\\/\\\/www.ana.gob.pa\\\/index.php\\\/2026\\\/04\\\/28\\\/dictan-capacitacion-sobre-el-sistema-especial-de-puerto-libre-de-colon\\\/#article\",\"isPartOf\":{\"@id\":\"https:\\\/\\\/www.ana.gob.pa\\\/index.php\\\/2026\\\/04\\\/28\\\/dictan-capacitacion-sobre-el-sistema-especial-de-puerto-libre-de-colon\\\/\"},\"author\":{\"name\":\"Ovidio Gomez\",\"@id\":\"https:\\\/\\\/www.ana.gob.pa\\\/#\\\/schema\\\/person\\\/739397fec31e88f1da6069ed31320a02\"},\"headline\":\"Dictan capacitaci\u00f3n sobre el Sistema Especial de Puerto Libre de Col\u00f3n\",\"datePublished\":\"2026-04-28T19:15:58+00:00\",\"dateModified\":\"2026-04-28T19:15:59+00:00\",\"mainEntityOfPage\":{\"@id\":\"https:\\\/\\\/www.ana.gob.pa\\\/index.php\\\/2026\\\/04\\\/28\\\/dictan-capacitacion-sobre-el-sistema-especial-de-puerto-libre-de-colon\\\/\"},\"wordCount\":286,\"publisher\":{\"@id\":\"https:\\\/\\\/www.ana.gob.pa\\\/#organization\"},\"image\":{\"@id\":\"https:\\\/\\\/www.ana.gob.pa\\\/index.php\\\/2026\\\/04\\\/28\\\/dictan-capacitacion-sobre-el-sistema-especial-de-puerto-libre-de-colon\\\/#primaryimage\"},\"thumbnailUrl\":\"https:\\\/\\\/www.ana.gob.pa\\\/wp-content\\\/uploads\\\/2026\\\/04\\\/charla-salon-piad.jpg\",\"articleSection\":[\"Ultimas Noticias\"],\"inLanguage\":\"es\"},{\"@type\":\"WebPage\",\"@id\":\"https:\\\/\\\/www.ana.gob.pa\\\/index.php\\\/2026\\\/04\\\/28\\\/dictan-capacitacion-sobre-el-sistema-especial-de-puerto-libre-de-colon\\\/\",\"url\":\"https:\\\/\\\/www.ana.gob.pa\\\/index.php\\\/2026\\\/04\\\/28\\\/dictan-capacitacion-sobre-el-sistema-especial-de-puerto-libre-de-colon\\\/\",\"name\":\"Dictan capacitaci\u00f3n sobre el Sistema Especial de Puerto Libre de Col\u00f3n - Autoridad Nacional de Aduanas\",\"isPartOf\":{\"@id\":\"https:\\\/\\\/www.ana.gob.pa\\\/#website\"},\"primaryImageOfPage\":{\"@id\":\"https:\\\/\\\/www.ana.gob.pa\\\/index.php\\\/2026\\\/04\\\/28\\\/dictan-capacitacion-sobre-el-sistema-especial-de-puerto-libre-de-colon\\\/#primaryimage\"},\"image\":{\"@id\":\"https:\\\/\\\/www.ana.gob.pa\\\/index.php\\\/2026\\\/04\\\/28\\\/dictan-capacitacion-sobre-el-sistema-especial-de-puerto-libre-de-colon\\\/#primaryimage\"},\"thumbnailUrl\":\"https:\\\/\\\/www.ana.gob.pa\\\/wp-content\\\/uploads\\\/2026\\\/04\\\/charla-salon-piad.jpg\",\"datePublished\":\"2026-04-28T19:15:58+00:00\",\"dateModified\":\"2026-04-28T19:15:59+00:00\",\"breadcrumb\":{\"@id\":\"https:\\\/\\\/www.ana.gob.pa\\\/index.php\\\/2026\\\/04\\\/28\\\/dictan-capacitacion-sobre-el-sistema-especial-de-puerto-libre-de-colon\\\/#breadcrumb\"},\"inLanguage\":\"es\",\"potentialAction\":[{\"@type\":\"ReadAction\",\"target\":[\"https:\\\/\\\/www.ana.gob.pa\\\/index.php\\\/2026\\\/04\\\/28\\\/dictan-capacitacion-sobre-el-sistema-especial-de-puerto-libre-de-colon\\\/\"]}]},{\"@type\":\"ImageObject\",\"inLanguage\":\"es\",\"@id\":\"https:\\\/\\\/www.ana.gob.pa\\\/index.php\\\/2026\\\/04\\\/28\\\/dictan-capacitacion-sobre-el-sistema-especial-de-puerto-libre-de-colon\\\/#primaryimage\",\"url\":\"https:\\\/\\\/www.ana.gob.pa\\\/wp-content\\\/uploads\\\/2026\\\/04\\\/charla-salon-piad.jpg\",\"contentUrl\":\"https:\\\/\\\/www.ana.gob.pa\\\/wp-content\\\/uploads\\\/2026\\\/04\\\/charla-salon-piad.jpg\",\"width\":5472,\"height\":3648},{\"@type\":\"BreadcrumbList\",\"@id\":\"https:\\\/\\\/www.ana.gob.pa\\\/index.php\\\/2026\\\/04\\\/28\\\/dictan-capacitacion-sobre-el-sistema-especial-de-puerto-libre-de-colon\\\/#breadcrumb\",\"itemListElement\":[{\"@type\":\"ListItem\",\"position\":1,\"name\":\"Portada\",\"item\":\"https:\\\/\\\/www.ana.gob.pa\\\/\"},{\"@type\":\"ListItem\",\"position\":2,\"name\":\"Dictan capacitaci\u00f3n sobre el Sistema Especial de Puerto Libre de Col\u00f3n\"}]},{\"@type\":\"WebSite\",\"@id\":\"https:\\\/\\\/www.ana.gob.pa\\\/#website\",\"url\":\"https:\\\/\\\/www.ana.gob.pa\\\/\",\"name\":\"Autoridad Nacional de Aduanas\",\"description\":\"Autoridad Nacional de Aduanas\",\"publisher\":{\"@id\":\"https:\\\/\\\/www.ana.gob.pa\\\/#organization\"},\"alternateName\":\"Autoridad Nacional de Aduanas\",\"potentialAction\":[{\"@type\":\"SearchAction\",\"target\":{\"@type\":\"EntryPoint\",\"urlTemplate\":\"https:\\\/\\\/www.ana.gob.pa\\\/?s={search_term_string}\"},\"query-input\":{\"@type\":\"PropertyValueSpecification\",\"valueRequired\":true,\"valueName\":\"search_term_string\"}}],\"inLanguage\":\"es\"},{\"@type\":\"Organization\",\"@id\":\"https:\\\/\\\/www.ana.gob.pa\\\/#organization\",\"name\":\"Autoridad Nacional de Aduanas\",\"alternateName\":\"Autoridad Nacional de Aduanas\",\"url\":\"https:\\\/\\\/www.ana.gob.pa\\\/\",\"logo\":{\"@type\":\"ImageObject\",\"inLanguage\":\"es\",\"@id\":\"https:\\\/\\\/www.ana.gob.pa\\\/#\\\/schema\\\/logo\\\/image\\\/\",\"url\":\"https:\\\/\\\/www.ana.gob.pa\\\/wp-content\\\/uploads\\\/2025\\\/07\\\/logo-de-aduanas-y-gobierno.png\",\"contentUrl\":\"https:\\\/\\\/www.ana.gob.pa\\\/wp-content\\\/uploads\\\/2025\\\/07\\\/logo-de-aduanas-y-gobierno.png\",\"width\":2860,\"height\":423,\"caption\":\"Autoridad Nacional de Aduanas\"},\"image\":{\"@id\":\"https:\\\/\\\/www.ana.gob.pa\\\/#\\\/schema\\\/logo\\\/image\\\/\"},\"sameAs\":[\"https:\\\/\\\/www.facebook.com\\\/aduanas.panama\\\/\",\"https:\\\/\\\/x.com\\\/aduanaspanama\",\"https:\\\/\\\/www.instagram.com\\\/aduanaspanama\"]},{\"@type\":\"Person\",\"@id\":\"https:\\\/\\\/www.ana.gob.pa\\\/#\\\/schema\\\/person\\\/739397fec31e88f1da6069ed31320a02\",\"name\":\"Ovidio Gomez\",\"image\":{\"@type\":\"ImageObject\",\"inLanguage\":\"es\",\"@id\":\"https:\\\/\\\/secure.gravatar.com\\\/avatar\\\/578eb611cee60183c01f786d1e4870e818e443ef8ae75628f2c61ac09413d3e8?s=96&d=mm&r=g\",\"url\":\"https:\\\/\\\/secure.gravatar.com\\\/avatar\\\/578eb611cee60183c01f786d1e4870e818e443ef8ae75628f2c61ac09413d3e8?s=96&d=mm&r=g\",\"contentUrl\":\"https:\\\/\\\/secure.gravatar.com\\\/avatar\\\/578eb611cee60183c01f786d1e4870e818e443ef8ae75628f2c61ac09413d3e8?s=96&d=mm&r=g\",\"caption\":\"Ovidio Gomez\"},\"sameAs\":[\"https:\\\/\\\/www.ana.gob.pa\\\/w_ana\\\/\"],\"url\":\"https:\\\/\\\/www.ana.gob.pa\\\/index.php\\\/author\\\/ogomez\\\/\"}]}<\/script>\n<!-- \/ Yoast SEO plugin. -->","yoast_head_json":{"title":"Dictan capacitaci\u00f3n sobre el Sistema Especial de Puerto Libre de Col\u00f3n - Autoridad Nacional de Aduanas","robots":{"index":"index","follow":"follow","max-snippet":"max-snippet:-1","max-image-preview":"max-image-preview:large","max-video-preview":"max-video-preview:-1"},"canonical":"https:\/\/www.ana.gob.pa\/index.php\/2026\/04\/28\/dictan-capacitacion-sobre-el-sistema-especial-de-puerto-libre-de-colon\/","og_locale":"es_ES","og_type":"article","og_title":"Dictan capacitaci\u00f3n sobre el Sistema Especial de Puerto Libre de Col\u00f3n - Autoridad Nacional de Aduanas","og_description":"\u201cComo ciudadanos paname\u00f1os todos tenemos el derecho de acceder a los beneficios que ofrece el Sistema Especial de Puerto Libre para la provincia de Col\u00f3n\u201d, destac\u00f3 el Lic. Carlos G\u00f3mez del Ministerio de Comercio e Industria (MICI), en la capacitaci\u00f3n sobre la importancia de fortalecer los conocimientos del personal de Aduanas con relaci\u00f3n a este [&hellip;]","og_url":"https:\/\/www.ana.gob.pa\/index.php\/2026\/04\/28\/dictan-capacitacion-sobre-el-sistema-especial-de-puerto-libre-de-colon\/","og_site_name":"Autoridad Nacional de Aduanas","article_publisher":"https:\/\/www.facebook.com\/aduanas.panama\/","article_published_time":"2026-04-28T19:15:58+00:00","article_modified_time":"2026-04-28T19:15:59+00:00","og_image":[{"url":"https:\/\/www.ana.gob.pa\/wp-content\/uploads\/2026\/04\/charla-salon-piad.jpg","width":800,"height":533,"type":"image\/jpeg"}],"author":"Ovidio Gomez","twitter_card":"summary_large_image","twitter_creator":"@aduanaspanama","twitter_site":"@aduanaspanama","twitter_misc":{"Escrito por":"Ovidio Gomez","Tiempo de lectura":"2 minutos"},"schema":{"@context":"https:\/\/schema.org","@graph":[{"@type":"Article","@id":"https:\/\/www.ana.gob.pa\/index.php\/2026\/04\/28\/dictan-capacitacion-sobre-el-sistema-especial-de-puerto-libre-de-colon\/#article","isPartOf":{"@id":"https:\/\/www.ana.gob.pa\/index.php\/2026\/04\/28\/dictan-capacitacion-sobre-el-sistema-especial-de-puerto-libre-de-colon\/"},"author":{"name":"Ovidio Gomez","@id":"https:\/\/www.ana.gob.pa\/#\/schema\/person\/739397fec31e88f1da6069ed31320a02"},"headline":"Dictan capacitaci\u00f3n sobre el Sistema Especial de Puerto Libre de Col\u00f3n","datePublished":"2026-04-28T19:15:58+00:00","dateModified":"2026-04-28T19:15:59+00:00","mainEntityOfPage":{"@id":"https:\/\/www.ana.gob.pa\/index.php\/2026\/04\/28\/dictan-capacitacion-sobre-el-sistema-especial-de-puerto-libre-de-colon\/"},"wordCount":286,"publisher":{"@id":"https:\/\/www.ana.gob.pa\/#organization"},"image":{"@id":"https:\/\/www.ana.gob.pa\/index.php\/2026\/04\/28\/dictan-capacitacion-sobre-el-sistema-especial-de-puerto-libre-de-colon\/#primaryimage"},"thumbnailUrl":"https:\/\/www.ana.gob.pa\/wp-content\/uploads\/2026\/04\/charla-salon-piad.jpg","articleSection":["Ultimas Noticias"],"inLanguage":"es"},{"@type":"WebPage","@id":"https:\/\/www.ana.gob.pa\/index.php\/2026\/04\/28\/dictan-capacitacion-sobre-el-sistema-especial-de-puerto-libre-de-colon\/","url":"https:\/\/www.ana.gob.pa\/index.php\/2026\/04\/28\/dictan-capacitacion-sobre-el-sistema-especial-de-puerto-libre-de-colon\/","name":"Dictan capacitaci\u00f3n sobre el Sistema Especial de Puerto Libre de Col\u00f3n - Autoridad Nacional de Aduanas","isPartOf":{"@id":"https:\/\/www.ana.gob.pa\/#website"},"primaryImageOfPage":{"@id":"https:\/\/www.ana.gob.pa\/index.php\/2026\/04\/28\/dictan-capacitacion-sobre-el-sistema-especial-de-puerto-libre-de-colon\/#primaryimage"},"image":{"@id":"https:\/\/www.ana.gob.pa\/index.php\/2026\/04\/28\/dictan-capacitacion-sobre-el-sistema-especial-de-puerto-libre-de-colon\/#primaryimage"},"thumbnailUrl":"https:\/\/www.ana.gob.pa\/wp-content\/uploads\/2026\/04\/charla-salon-piad.jpg","datePublished":"2026-04-28T19:15:58+00:00","dateModified":"2026-04-28T19:15:59+00:00","breadcrumb":{"@id":"https:\/\/www.ana.gob.pa\/index.php\/2026\/04\/28\/dictan-capacitacion-sobre-el-sistema-especial-de-puerto-libre-de-colon\/#breadcrumb"},"inLanguage":"es","potentialAction":[{"@type":"ReadAction","target":["https:\/\/www.ana.gob.pa\/index.php\/2026\/04\/28\/dictan-capacitacion-sobre-el-sistema-especial-de-puerto-libre-de-colon\/"]}]},{"@type":"ImageObject","inLanguage":"es","@id":"https:\/\/www.ana.gob.pa\/index.php\/2026\/04\/28\/dictan-capacitacion-sobre-el-sistema-especial-de-puerto-libre-de-colon\/#primaryimage","url":"https:\/\/www.ana.gob.pa\/wp-content\/uploads\/2026\/04\/charla-salon-piad.jpg","contentUrl":"https:\/\/www.ana.gob.pa\/wp-content\/uploads\/2026\/04\/charla-salon-piad.jpg","width":5472,"height":3648},{"@type":"BreadcrumbList","@id":"https:\/\/www.ana.gob.pa\/index.php\/2026\/04\/28\/dictan-capacitacion-sobre-el-sistema-especial-de-puerto-libre-de-colon\/#breadcrumb","itemListElement":[{"@type":"ListItem","position":1,"name":"Portada","item":"https:\/\/www.ana.gob.pa\/"},{"@type":"ListItem","position":2,"name":"Dictan capacitaci\u00f3n sobre el Sistema Especial de Puerto Libre de Col\u00f3n"}]},{"@type":"WebSite","@id":"https:\/\/www.ana.gob.pa\/#website","url":"https:\/\/www.ana.gob.pa\/","name":"Autoridad Nacional de Aduanas","description":"Autoridad Nacional de Aduanas","publisher":{"@id":"https:\/\/www.ana.gob.pa\/#organization"},"alternateName":"Autoridad Nacional de Aduanas","potentialAction":[{"@type":"SearchAction","target":{"@type":"EntryPoint","urlTemplate":"https:\/\/www.ana.gob.pa\/?s={search_term_string}"},"query-input":{"@type":"PropertyValueSpecification","valueRequired":true,"valueName":"search_term_string"}}],"inLanguage":"es"},{"@type":"Organization","@id":"https:\/\/www.ana.gob.pa\/#organization","name":"Autoridad Nacional de Aduanas","alternateName":"Autoridad Nacional de Aduanas","url":"https:\/\/www.ana.gob.pa\/","logo":{"@type":"ImageObject","inLanguage":"es","@id":"https:\/\/www.ana.gob.pa\/#\/schema\/logo\/image\/","url":"https:\/\/www.ana.gob.pa\/wp-content\/uploads\/2025\/07\/logo-de-aduanas-y-gobierno.png","contentUrl":"https:\/\/www.ana.gob.pa\/wp-content\/uploads\/2025\/07\/logo-de-aduanas-y-gobierno.png","width":2860,"height":423,"caption":"Autoridad Nacional de Aduanas"},"image":{"@id":"https:\/\/www.ana.gob.pa\/#\/schema\/logo\/image\/"},"sameAs":["https:\/\/www.facebook.com\/aduanas.panama\/","https:\/\/x.com\/aduanaspanama","https:\/\/www.instagram.com\/aduanaspanama"]},{"@type":"Person","@id":"https:\/\/www.ana.gob.pa\/#\/schema\/person\/739397fec31e88f1da6069ed31320a02","name":"Ovidio Gomez","image":{"@type":"ImageObject","inLanguage":"es","@id":"https:\/\/secure.gravatar.com\/avatar\/578eb611cee60183c01f786d1e4870e818e443ef8ae75628f2c61ac09413d3e8?s=96&d=mm&r=g","url":"https:\/\/secure.gravatar.com\/avatar\/578eb611cee60183c01f786d1e4870e818e443ef8ae75628f2c61ac09413d3e8?s=96&d=mm&r=g","contentUrl":"https:\/\/secure.gravatar.com\/avatar\/578eb611cee60183c01f786d1e4870e818e443ef8ae75628f2c61ac09413d3e8?s=96&d=mm&r=g","caption":"Ovidio Gomez"},"sameAs":["https:\/\/www.ana.gob.pa\/w_ana\/"],"url":"https:\/\/www.ana.gob.pa\/index.php\/author\/ogomez\/"}]}},"_links":{"self":[{"href":"https:\/\/www.ana.gob.pa\/index.php\/wp-json\/wp\/v2\/posts\/8196","targetHints":{"allow":["GET"]}}],"collection":[{"href":"https:\/\/www.ana.gob.pa\/index.php\/wp-json\/wp\/v2\/posts"}],"about":[{"href":"https:\/\/www.ana.gob.pa\/index.php\/wp-json\/wp\/v2\/types\/post"}],"author":[{"embeddable":true,"href":"https:\/\/www.ana.gob.pa\/index.php\/wp-json\/wp\/v2\/users\/18"}],"replies":[{"embeddable":true,"href":"https:\/\/www.ana.gob.pa\/index.php\/wp-json\/wp\/v2\/comments?post=8196"}],"version-history":[{"count":1,"href":"https:\/\/www.ana.gob.pa\/index.php\/wp-json\/wp\/v2\/posts\/8196\/revisions"}],"predecessor-version":[{"id":8198,"href":"https:\/\/www.ana.gob.pa\/index.php\/wp-json\/wp\/v2\/posts\/8196\/revisions\/8198"}],"wp:featuredmedia":[{"embeddable":true,"href":"https:\/\/www.ana.gob.pa\/index.php\/wp-json\/wp\/v2\/media\/8197"}],"wp:attachment":[{"href":"https:\/\/www.ana.gob.pa\/index.php\/wp-json\/wp\/v2\/media?parent=8196"}],"wp:term":[{"taxonomy":"category","embeddable":true,"href":"https:\/\/www.ana.gob.pa\/index.php\/wp-json\/wp\/v2\/categories?post=8196"},{"taxonomy":"post_tag","embeddable":true,"href":"https:\/\/www.ana.gob.pa\/index.php\/wp-json\/wp\/v2\/tags?post=8196"}],"curies":[{"name":"wp","href":"https:\/\/api.w.org\/{rel}","templated":true}]}}