{"id":8203,"date":"2026-04-28T16:21:10","date_gmt":"2026-04-28T21:21:10","guid":{"rendered":"https:\/\/www.ana.gob.pa\/?p=8203"},"modified":"2026-04-28T16:21:10","modified_gmt":"2026-04-28T21:21:10","slug":"pasajero-colombiano-se-le-retiene-en-el-aeropuerto-panama-pacifico-dinero-no-declarado","status":"publish","type":"post","link":"https:\/\/www.ana.gob.pa\/index.php\/2026\/04\/28\/pasajero-colombiano-se-le-retiene-en-el-aeropuerto-panama-pacifico-dinero-no-declarado\/","title":{"rendered":"Pasajero colombiano se le retiene en el Aeropuerto Panam\u00e1 Pac\u00edfico dinero no declarado"},"content":{"rendered":"\n<p>\u00a0Un pasajero de nacionalidad colombiana arrib\u00f3 a la terminal a\u00e9rea de Panam\u00e1 Pac\u00edfico procedente de Medell\u00edn, Colombia. Al presentarse en el \u00e1rea de carriles de control, el ciudadano realiz\u00f3 la fila correspondiente y, al llegar al esc\u00e1ner, fue abordado por un inspector de Aduanas, quien le consult\u00f3 si transportaba dinero en efectivo.<\/p>\n\n\n\n<p>\u00a0El pasajero manifest\u00f3 que portaba \u00fanicamente el monto permitido que asciende a B\/.10,000.00. En atenci\u00f3n a lo se\u00f1alado, se procedi\u00f3 a realizar una revisi\u00f3n secundaria por parte del inspector de Aduanas, en coordinaci\u00f3n con personal de la Polic\u00eda Nacional.Durante la inspecci\u00f3n del equipaje, se le indic\u00f3 al pasajero que colocara sobre el escritorio la totalidad del dinero en efectivo que transportaba.\u00a0<\/p>\n\n\n\n<p>Posteriormente, se efectu\u00f3 el conteo del efectivo, determin\u00e1ndose un total de B\/.11,000.00, distribuido en las siguientes denominaciones: ochenta y seis (86) billetes de cien d\u00f3lares estadounidenses y cuarenta y ocho (48) billetes de cincuenta d\u00f3lares estadounidenses.\u00a0<\/p>\n\n\n\n<p>Ante la detecci\u00f3n del excedente no declarado, se procedi\u00f3 a notificar a la Fiscal\u00eda y a la Direcci\u00f3n de Investigaci\u00f3n Judicial (DIJ). Tanto el dinero como las evidencias correspondientes fueron trasladados a las instalaciones del Ministerio P\u00fablico, donde se continuar\u00e1 con el tr\u00e1mite legal pertinente conforme a la normativa vigente.\u00a0<\/p>\n","protected":false},"excerpt":{"rendered":"<p>\u00a0Un pasajero de nacionalidad colombiana arrib\u00f3 a la terminal a\u00e9rea de Panam\u00e1 Pac\u00edfico procedente de Medell\u00edn, Colombia. Al presentarse en el \u00e1rea de carriles de control, el ciudadano realiz\u00f3 la fila correspondiente y, al llegar al esc\u00e1ner, fue abordado por un inspector de Aduanas, quien le consult\u00f3 si transportaba dinero en efectivo. \u00a0El pasajero manifest\u00f3 [&hellip;]<\/p>\n","protected":false},"author":18,"featured_media":8204,"comment_status":"closed","ping_status":"closed","sticky":false,"template":"","format":"standard","meta":{"footnotes":""},"categories":[5],"tags":[],"class_list":["post-8203","post","type-post","status-publish","format-standard","has-post-thumbnail","hentry","category-ultimas-noticias"],"yoast_head":"<!-- This site is optimized with the Yoast SEO plugin v27.4 - https:\/\/yoast.com\/product\/yoast-seo-wordpress\/ -->\n<title>Pasajero colombiano se le retiene en el Aeropuerto Panam\u00e1 Pac\u00edfico dinero no declarado - Autoridad Nacional de Aduanas<\/title>\n<meta name=\"robots\" content=\"index, follow, max-snippet:-1, max-image-preview:large, max-video-preview:-1\" \/>\n<link rel=\"canonical\" href=\"https:\/\/www.ana.gob.pa\/index.php\/2026\/04\/28\/pasajero-colombiano-se-le-retiene-en-el-aeropuerto-panama-pacifico-dinero-no-declarado\/\" \/>\n<meta property=\"og:locale\" content=\"es_ES\" \/>\n<meta property=\"og:type\" content=\"article\" \/>\n<meta property=\"og:title\" content=\"Pasajero colombiano se le retiene en el Aeropuerto Panam\u00e1 Pac\u00edfico dinero no declarado - Autoridad Nacional de Aduanas\" \/>\n<meta property=\"og:description\" content=\"\u00a0Un pasajero de nacionalidad colombiana arrib\u00f3 a la terminal a\u00e9rea de Panam\u00e1 Pac\u00edfico procedente de Medell\u00edn, Colombia. Al presentarse en el \u00e1rea de carriles de control, el ciudadano realiz\u00f3 la fila correspondiente y, al llegar al esc\u00e1ner, fue abordado por un inspector de Aduanas, quien le consult\u00f3 si transportaba dinero en efectivo. \u00a0El pasajero manifest\u00f3 [&hellip;]\" \/>\n<meta property=\"og:url\" content=\"https:\/\/www.ana.gob.pa\/index.php\/2026\/04\/28\/pasajero-colombiano-se-le-retiene-en-el-aeropuerto-panama-pacifico-dinero-no-declarado\/\" \/>\n<meta property=\"og:site_name\" content=\"Autoridad Nacional de Aduanas\" \/>\n<meta property=\"article:publisher\" content=\"https:\/\/www.facebook.com\/aduanas.panama\/\" \/>\n<meta property=\"article:published_time\" content=\"2026-04-28T21:21:10+00:00\" \/>\n<meta property=\"og:image\" content=\"https:\/\/www.ana.gob.pa\/wp-content\/uploads\/2026\/04\/WhatsApp-Image-2026-04-28-at-4.18.47-PM.jpeg\" \/>\n\t<meta property=\"og:image:width\" content=\"1182\" \/>\n\t<meta property=\"og:image:height\" content=\"1600\" \/>\n\t<meta property=\"og:image:type\" content=\"image\/jpeg\" \/>\n<meta name=\"author\" content=\"Ovidio Gomez\" \/>\n<meta name=\"twitter:card\" content=\"summary_large_image\" \/>\n<meta name=\"twitter:creator\" content=\"@aduanaspanama\" \/>\n<meta name=\"twitter:site\" content=\"@aduanaspanama\" \/>\n<meta name=\"twitter:label1\" content=\"Escrito por\" \/>\n\t<meta name=\"twitter:data1\" content=\"Ovidio Gomez\" \/>\n\t<meta name=\"twitter:label2\" content=\"Tiempo de lectura\" \/>\n\t<meta name=\"twitter:data2\" content=\"2 minutos\" \/>\n<script type=\"application\/ld+json\" class=\"yoast-schema-graph\">{\"@context\":\"https:\\\/\\\/schema.org\",\"@graph\":[{\"@type\":\"Article\",\"@id\":\"https:\\\/\\\/www.ana.gob.pa\\\/index.php\\\/2026\\\/04\\\/28\\\/pasajero-colombiano-se-le-retiene-en-el-aeropuerto-panama-pacifico-dinero-no-declarado\\\/#article\",\"isPartOf\":{\"@id\":\"https:\\\/\\\/www.ana.gob.pa\\\/index.php\\\/2026\\\/04\\\/28\\\/pasajero-colombiano-se-le-retiene-en-el-aeropuerto-panama-pacifico-dinero-no-declarado\\\/\"},\"author\":{\"name\":\"Ovidio Gomez\",\"@id\":\"https:\\\/\\\/www.ana.gob.pa\\\/#\\\/schema\\\/person\\\/739397fec31e88f1da6069ed31320a02\"},\"headline\":\"Pasajero colombiano se le retiene en el Aeropuerto Panam\u00e1 Pac\u00edfico dinero no declarado\",\"datePublished\":\"2026-04-28T21:21:10+00:00\",\"mainEntityOfPage\":{\"@id\":\"https:\\\/\\\/www.ana.gob.pa\\\/index.php\\\/2026\\\/04\\\/28\\\/pasajero-colombiano-se-le-retiene-en-el-aeropuerto-panama-pacifico-dinero-no-declarado\\\/\"},\"wordCount\":231,\"publisher\":{\"@id\":\"https:\\\/\\\/www.ana.gob.pa\\\/#organization\"},\"image\":{\"@id\":\"https:\\\/\\\/www.ana.gob.pa\\\/index.php\\\/2026\\\/04\\\/28\\\/pasajero-colombiano-se-le-retiene-en-el-aeropuerto-panama-pacifico-dinero-no-declarado\\\/#primaryimage\"},\"thumbnailUrl\":\"https:\\\/\\\/www.ana.gob.pa\\\/wp-content\\\/uploads\\\/2026\\\/04\\\/WhatsApp-Image-2026-04-28-at-4.18.47-PM.jpeg\",\"articleSection\":[\"Ultimas Noticias\"],\"inLanguage\":\"es\"},{\"@type\":\"WebPage\",\"@id\":\"https:\\\/\\\/www.ana.gob.pa\\\/index.php\\\/2026\\\/04\\\/28\\\/pasajero-colombiano-se-le-retiene-en-el-aeropuerto-panama-pacifico-dinero-no-declarado\\\/\",\"url\":\"https:\\\/\\\/www.ana.gob.pa\\\/index.php\\\/2026\\\/04\\\/28\\\/pasajero-colombiano-se-le-retiene-en-el-aeropuerto-panama-pacifico-dinero-no-declarado\\\/\",\"name\":\"Pasajero colombiano se le retiene en el Aeropuerto Panam\u00e1 Pac\u00edfico dinero no declarado - Autoridad Nacional de Aduanas\",\"isPartOf\":{\"@id\":\"https:\\\/\\\/www.ana.gob.pa\\\/#website\"},\"primaryImageOfPage\":{\"@id\":\"https:\\\/\\\/www.ana.gob.pa\\\/index.php\\\/2026\\\/04\\\/28\\\/pasajero-colombiano-se-le-retiene-en-el-aeropuerto-panama-pacifico-dinero-no-declarado\\\/#primaryimage\"},\"image\":{\"@id\":\"https:\\\/\\\/www.ana.gob.pa\\\/index.php\\\/2026\\\/04\\\/28\\\/pasajero-colombiano-se-le-retiene-en-el-aeropuerto-panama-pacifico-dinero-no-declarado\\\/#primaryimage\"},\"thumbnailUrl\":\"https:\\\/\\\/www.ana.gob.pa\\\/wp-content\\\/uploads\\\/2026\\\/04\\\/WhatsApp-Image-2026-04-28-at-4.18.47-PM.jpeg\",\"datePublished\":\"2026-04-28T21:21:10+00:00\",\"breadcrumb\":{\"@id\":\"https:\\\/\\\/www.ana.gob.pa\\\/index.php\\\/2026\\\/04\\\/28\\\/pasajero-colombiano-se-le-retiene-en-el-aeropuerto-panama-pacifico-dinero-no-declarado\\\/#breadcrumb\"},\"inLanguage\":\"es\",\"potentialAction\":[{\"@type\":\"ReadAction\",\"target\":[\"https:\\\/\\\/www.ana.gob.pa\\\/index.php\\\/2026\\\/04\\\/28\\\/pasajero-colombiano-se-le-retiene-en-el-aeropuerto-panama-pacifico-dinero-no-declarado\\\/\"]}]},{\"@type\":\"ImageObject\",\"inLanguage\":\"es\",\"@id\":\"https:\\\/\\\/www.ana.gob.pa\\\/index.php\\\/2026\\\/04\\\/28\\\/pasajero-colombiano-se-le-retiene-en-el-aeropuerto-panama-pacifico-dinero-no-declarado\\\/#primaryimage\",\"url\":\"https:\\\/\\\/www.ana.gob.pa\\\/wp-content\\\/uploads\\\/2026\\\/04\\\/WhatsApp-Image-2026-04-28-at-4.18.47-PM.jpeg\",\"contentUrl\":\"https:\\\/\\\/www.ana.gob.pa\\\/wp-content\\\/uploads\\\/2026\\\/04\\\/WhatsApp-Image-2026-04-28-at-4.18.47-PM.jpeg\",\"width\":1182,\"height\":1600},{\"@type\":\"BreadcrumbList\",\"@id\":\"https:\\\/\\\/www.ana.gob.pa\\\/index.php\\\/2026\\\/04\\\/28\\\/pasajero-colombiano-se-le-retiene-en-el-aeropuerto-panama-pacifico-dinero-no-declarado\\\/#breadcrumb\",\"itemListElement\":[{\"@type\":\"ListItem\",\"position\":1,\"name\":\"Portada\",\"item\":\"https:\\\/\\\/www.ana.gob.pa\\\/\"},{\"@type\":\"ListItem\",\"position\":2,\"name\":\"Pasajero colombiano se le retiene en el Aeropuerto Panam\u00e1 Pac\u00edfico dinero no declarado\"}]},{\"@type\":\"WebSite\",\"@id\":\"https:\\\/\\\/www.ana.gob.pa\\\/#website\",\"url\":\"https:\\\/\\\/www.ana.gob.pa\\\/\",\"name\":\"Autoridad Nacional de Aduanas\",\"description\":\"Autoridad Nacional de Aduanas\",\"publisher\":{\"@id\":\"https:\\\/\\\/www.ana.gob.pa\\\/#organization\"},\"alternateName\":\"Autoridad Nacional de Aduanas\",\"potentialAction\":[{\"@type\":\"SearchAction\",\"target\":{\"@type\":\"EntryPoint\",\"urlTemplate\":\"https:\\\/\\\/www.ana.gob.pa\\\/?s={search_term_string}\"},\"query-input\":{\"@type\":\"PropertyValueSpecification\",\"valueRequired\":true,\"valueName\":\"search_term_string\"}}],\"inLanguage\":\"es\"},{\"@type\":\"Organization\",\"@id\":\"https:\\\/\\\/www.ana.gob.pa\\\/#organization\",\"name\":\"Autoridad Nacional de Aduanas\",\"alternateName\":\"Autoridad Nacional de Aduanas\",\"url\":\"https:\\\/\\\/www.ana.gob.pa\\\/\",\"logo\":{\"@type\":\"ImageObject\",\"inLanguage\":\"es\",\"@id\":\"https:\\\/\\\/www.ana.gob.pa\\\/#\\\/schema\\\/logo\\\/image\\\/\",\"url\":\"https:\\\/\\\/www.ana.gob.pa\\\/wp-content\\\/uploads\\\/2025\\\/07\\\/logo-de-aduanas-y-gobierno.png\",\"contentUrl\":\"https:\\\/\\\/www.ana.gob.pa\\\/wp-content\\\/uploads\\\/2025\\\/07\\\/logo-de-aduanas-y-gobierno.png\",\"width\":2860,\"height\":423,\"caption\":\"Autoridad Nacional de Aduanas\"},\"image\":{\"@id\":\"https:\\\/\\\/www.ana.gob.pa\\\/#\\\/schema\\\/logo\\\/image\\\/\"},\"sameAs\":[\"https:\\\/\\\/www.facebook.com\\\/aduanas.panama\\\/\",\"https:\\\/\\\/x.com\\\/aduanaspanama\",\"https:\\\/\\\/www.instagram.com\\\/aduanaspanama\"]},{\"@type\":\"Person\",\"@id\":\"https:\\\/\\\/www.ana.gob.pa\\\/#\\\/schema\\\/person\\\/739397fec31e88f1da6069ed31320a02\",\"name\":\"Ovidio Gomez\",\"image\":{\"@type\":\"ImageObject\",\"inLanguage\":\"es\",\"@id\":\"https:\\\/\\\/secure.gravatar.com\\\/avatar\\\/578eb611cee60183c01f786d1e4870e818e443ef8ae75628f2c61ac09413d3e8?s=96&d=mm&r=g\",\"url\":\"https:\\\/\\\/secure.gravatar.com\\\/avatar\\\/578eb611cee60183c01f786d1e4870e818e443ef8ae75628f2c61ac09413d3e8?s=96&d=mm&r=g\",\"contentUrl\":\"https:\\\/\\\/secure.gravatar.com\\\/avatar\\\/578eb611cee60183c01f786d1e4870e818e443ef8ae75628f2c61ac09413d3e8?s=96&d=mm&r=g\",\"caption\":\"Ovidio Gomez\"},\"sameAs\":[\"https:\\\/\\\/www.ana.gob.pa\\\/w_ana\\\/\"],\"url\":\"https:\\\/\\\/www.ana.gob.pa\\\/index.php\\\/author\\\/ogomez\\\/\"}]}<\/script>\n<!-- \/ Yoast SEO plugin. -->","yoast_head_json":{"title":"Pasajero colombiano se le retiene en el Aeropuerto Panam\u00e1 Pac\u00edfico dinero no declarado - Autoridad Nacional de Aduanas","robots":{"index":"index","follow":"follow","max-snippet":"max-snippet:-1","max-image-preview":"max-image-preview:large","max-video-preview":"max-video-preview:-1"},"canonical":"https:\/\/www.ana.gob.pa\/index.php\/2026\/04\/28\/pasajero-colombiano-se-le-retiene-en-el-aeropuerto-panama-pacifico-dinero-no-declarado\/","og_locale":"es_ES","og_type":"article","og_title":"Pasajero colombiano se le retiene en el Aeropuerto Panam\u00e1 Pac\u00edfico dinero no declarado - Autoridad Nacional de Aduanas","og_description":"\u00a0Un pasajero de nacionalidad colombiana arrib\u00f3 a la terminal a\u00e9rea de Panam\u00e1 Pac\u00edfico procedente de Medell\u00edn, Colombia. Al presentarse en el \u00e1rea de carriles de control, el ciudadano realiz\u00f3 la fila correspondiente y, al llegar al esc\u00e1ner, fue abordado por un inspector de Aduanas, quien le consult\u00f3 si transportaba dinero en efectivo. \u00a0El pasajero manifest\u00f3 [&hellip;]","og_url":"https:\/\/www.ana.gob.pa\/index.php\/2026\/04\/28\/pasajero-colombiano-se-le-retiene-en-el-aeropuerto-panama-pacifico-dinero-no-declarado\/","og_site_name":"Autoridad Nacional de Aduanas","article_publisher":"https:\/\/www.facebook.com\/aduanas.panama\/","article_published_time":"2026-04-28T21:21:10+00:00","og_image":[{"width":1182,"height":1600,"url":"https:\/\/www.ana.gob.pa\/wp-content\/uploads\/2026\/04\/WhatsApp-Image-2026-04-28-at-4.18.47-PM.jpeg","type":"image\/jpeg"}],"author":"Ovidio Gomez","twitter_card":"summary_large_image","twitter_creator":"@aduanaspanama","twitter_site":"@aduanaspanama","twitter_misc":{"Escrito por":"Ovidio Gomez","Tiempo de lectura":"2 minutos"},"schema":{"@context":"https:\/\/schema.org","@graph":[{"@type":"Article","@id":"https:\/\/www.ana.gob.pa\/index.php\/2026\/04\/28\/pasajero-colombiano-se-le-retiene-en-el-aeropuerto-panama-pacifico-dinero-no-declarado\/#article","isPartOf":{"@id":"https:\/\/www.ana.gob.pa\/index.php\/2026\/04\/28\/pasajero-colombiano-se-le-retiene-en-el-aeropuerto-panama-pacifico-dinero-no-declarado\/"},"author":{"name":"Ovidio Gomez","@id":"https:\/\/www.ana.gob.pa\/#\/schema\/person\/739397fec31e88f1da6069ed31320a02"},"headline":"Pasajero colombiano se le retiene en el Aeropuerto Panam\u00e1 Pac\u00edfico dinero no declarado","datePublished":"2026-04-28T21:21:10+00:00","mainEntityOfPage":{"@id":"https:\/\/www.ana.gob.pa\/index.php\/2026\/04\/28\/pasajero-colombiano-se-le-retiene-en-el-aeropuerto-panama-pacifico-dinero-no-declarado\/"},"wordCount":231,"publisher":{"@id":"https:\/\/www.ana.gob.pa\/#organization"},"image":{"@id":"https:\/\/www.ana.gob.pa\/index.php\/2026\/04\/28\/pasajero-colombiano-se-le-retiene-en-el-aeropuerto-panama-pacifico-dinero-no-declarado\/#primaryimage"},"thumbnailUrl":"https:\/\/www.ana.gob.pa\/wp-content\/uploads\/2026\/04\/WhatsApp-Image-2026-04-28-at-4.18.47-PM.jpeg","articleSection":["Ultimas Noticias"],"inLanguage":"es"},{"@type":"WebPage","@id":"https:\/\/www.ana.gob.pa\/index.php\/2026\/04\/28\/pasajero-colombiano-se-le-retiene-en-el-aeropuerto-panama-pacifico-dinero-no-declarado\/","url":"https:\/\/www.ana.gob.pa\/index.php\/2026\/04\/28\/pasajero-colombiano-se-le-retiene-en-el-aeropuerto-panama-pacifico-dinero-no-declarado\/","name":"Pasajero colombiano se le retiene en el Aeropuerto Panam\u00e1 Pac\u00edfico dinero no declarado - Autoridad Nacional de Aduanas","isPartOf":{"@id":"https:\/\/www.ana.gob.pa\/#website"},"primaryImageOfPage":{"@id":"https:\/\/www.ana.gob.pa\/index.php\/2026\/04\/28\/pasajero-colombiano-se-le-retiene-en-el-aeropuerto-panama-pacifico-dinero-no-declarado\/#primaryimage"},"image":{"@id":"https:\/\/www.ana.gob.pa\/index.php\/2026\/04\/28\/pasajero-colombiano-se-le-retiene-en-el-aeropuerto-panama-pacifico-dinero-no-declarado\/#primaryimage"},"thumbnailUrl":"https:\/\/www.ana.gob.pa\/wp-content\/uploads\/2026\/04\/WhatsApp-Image-2026-04-28-at-4.18.47-PM.jpeg","datePublished":"2026-04-28T21:21:10+00:00","breadcrumb":{"@id":"https:\/\/www.ana.gob.pa\/index.php\/2026\/04\/28\/pasajero-colombiano-se-le-retiene-en-el-aeropuerto-panama-pacifico-dinero-no-declarado\/#breadcrumb"},"inLanguage":"es","potentialAction":[{"@type":"ReadAction","target":["https:\/\/www.ana.gob.pa\/index.php\/2026\/04\/28\/pasajero-colombiano-se-le-retiene-en-el-aeropuerto-panama-pacifico-dinero-no-declarado\/"]}]},{"@type":"ImageObject","inLanguage":"es","@id":"https:\/\/www.ana.gob.pa\/index.php\/2026\/04\/28\/pasajero-colombiano-se-le-retiene-en-el-aeropuerto-panama-pacifico-dinero-no-declarado\/#primaryimage","url":"https:\/\/www.ana.gob.pa\/wp-content\/uploads\/2026\/04\/WhatsApp-Image-2026-04-28-at-4.18.47-PM.jpeg","contentUrl":"https:\/\/www.ana.gob.pa\/wp-content\/uploads\/2026\/04\/WhatsApp-Image-2026-04-28-at-4.18.47-PM.jpeg","width":1182,"height":1600},{"@type":"BreadcrumbList","@id":"https:\/\/www.ana.gob.pa\/index.php\/2026\/04\/28\/pasajero-colombiano-se-le-retiene-en-el-aeropuerto-panama-pacifico-dinero-no-declarado\/#breadcrumb","itemListElement":[{"@type":"ListItem","position":1,"name":"Portada","item":"https:\/\/www.ana.gob.pa\/"},{"@type":"ListItem","position":2,"name":"Pasajero colombiano se le retiene en el Aeropuerto Panam\u00e1 Pac\u00edfico dinero no declarado"}]},{"@type":"WebSite","@id":"https:\/\/www.ana.gob.pa\/#website","url":"https:\/\/www.ana.gob.pa\/","name":"Autoridad Nacional de Aduanas","description":"Autoridad Nacional de Aduanas","publisher":{"@id":"https:\/\/www.ana.gob.pa\/#organization"},"alternateName":"Autoridad Nacional de Aduanas","potentialAction":[{"@type":"SearchAction","target":{"@type":"EntryPoint","urlTemplate":"https:\/\/www.ana.gob.pa\/?s={search_term_string}"},"query-input":{"@type":"PropertyValueSpecification","valueRequired":true,"valueName":"search_term_string"}}],"inLanguage":"es"},{"@type":"Organization","@id":"https:\/\/www.ana.gob.pa\/#organization","name":"Autoridad Nacional de Aduanas","alternateName":"Autoridad Nacional de Aduanas","url":"https:\/\/www.ana.gob.pa\/","logo":{"@type":"ImageObject","inLanguage":"es","@id":"https:\/\/www.ana.gob.pa\/#\/schema\/logo\/image\/","url":"https:\/\/www.ana.gob.pa\/wp-content\/uploads\/2025\/07\/logo-de-aduanas-y-gobierno.png","contentUrl":"https:\/\/www.ana.gob.pa\/wp-content\/uploads\/2025\/07\/logo-de-aduanas-y-gobierno.png","width":2860,"height":423,"caption":"Autoridad Nacional de Aduanas"},"image":{"@id":"https:\/\/www.ana.gob.pa\/#\/schema\/logo\/image\/"},"sameAs":["https:\/\/www.facebook.com\/aduanas.panama\/","https:\/\/x.com\/aduanaspanama","https:\/\/www.instagram.com\/aduanaspanama"]},{"@type":"Person","@id":"https:\/\/www.ana.gob.pa\/#\/schema\/person\/739397fec31e88f1da6069ed31320a02","name":"Ovidio Gomez","image":{"@type":"ImageObject","inLanguage":"es","@id":"https:\/\/secure.gravatar.com\/avatar\/578eb611cee60183c01f786d1e4870e818e443ef8ae75628f2c61ac09413d3e8?s=96&d=mm&r=g","url":"https:\/\/secure.gravatar.com\/avatar\/578eb611cee60183c01f786d1e4870e818e443ef8ae75628f2c61ac09413d3e8?s=96&d=mm&r=g","contentUrl":"https:\/\/secure.gravatar.com\/avatar\/578eb611cee60183c01f786d1e4870e818e443ef8ae75628f2c61ac09413d3e8?s=96&d=mm&r=g","caption":"Ovidio Gomez"},"sameAs":["https:\/\/www.ana.gob.pa\/w_ana\/"],"url":"https:\/\/www.ana.gob.pa\/index.php\/author\/ogomez\/"}]}},"_links":{"self":[{"href":"https:\/\/www.ana.gob.pa\/index.php\/wp-json\/wp\/v2\/posts\/8203","targetHints":{"allow":["GET"]}}],"collection":[{"href":"https:\/\/www.ana.gob.pa\/index.php\/wp-json\/wp\/v2\/posts"}],"about":[{"href":"https:\/\/www.ana.gob.pa\/index.php\/wp-json\/wp\/v2\/types\/post"}],"author":[{"embeddable":true,"href":"https:\/\/www.ana.gob.pa\/index.php\/wp-json\/wp\/v2\/users\/18"}],"replies":[{"embeddable":true,"href":"https:\/\/www.ana.gob.pa\/index.php\/wp-json\/wp\/v2\/comments?post=8203"}],"version-history":[{"count":1,"href":"https:\/\/www.ana.gob.pa\/index.php\/wp-json\/wp\/v2\/posts\/8203\/revisions"}],"predecessor-version":[{"id":8205,"href":"https:\/\/www.ana.gob.pa\/index.php\/wp-json\/wp\/v2\/posts\/8203\/revisions\/8205"}],"wp:featuredmedia":[{"embeddable":true,"href":"https:\/\/www.ana.gob.pa\/index.php\/wp-json\/wp\/v2\/media\/8204"}],"wp:attachment":[{"href":"https:\/\/www.ana.gob.pa\/index.php\/wp-json\/wp\/v2\/media?parent=8203"}],"wp:term":[{"taxonomy":"category","embeddable":true,"href":"https:\/\/www.ana.gob.pa\/index.php\/wp-json\/wp\/v2\/categories?post=8203"},{"taxonomy":"post_tag","embeddable":true,"href":"https:\/\/www.ana.gob.pa\/index.php\/wp-json\/wp\/v2\/tags?post=8203"}],"curies":[{"name":"wp","href":"https:\/\/api.w.org\/{rel}","templated":true}]}}